{"id":3438,"date":"2015-03-15T22:55:22","date_gmt":"2015-03-15T21:55:22","guid":{"rendered":"http:\/\/www.sav-torgelow-ringen.de\/RV%20MV2\/wordpress_341-de\/wordpress\/?p=3438"},"modified":"2015-03-15T22:56:15","modified_gmt":"2015-03-15T21:56:15","slug":"luebtheener-ringer-fuer-ihre-leistungen-geehrt","status":"publish","type":"post","link":"https:\/\/www.ringen-mv.de\/?p=3438","title":{"rendered":"L\u00fcbtheener Ringer f\u00fcr ihre Leistungen geehrt"},"content":{"rendered":"<p style=\"text-align: justify;\">Bei der traditionellen Umfrage der beliebtesten SportlerInnen durch die Schweriner Volkszeitung war auch der Ringerverein L\u00fcbtheen in der Kategorie Mannschaften aufgelistet. Nach der hervorragenden Saison im Jahr 2014, die durch den Meistertitel in der 2. Bundesliga Nord gekr\u00f6nt wurde, hatte es der RVL verdient, ganz oben mitzumischen. Seit Anfang Januar 2015 hatten die SVZ-Leserinnen und Leser drei Wochen Zeit, f\u00fcr ihre favorisierten Athleten in den Kategorien M\u00e4nner, Frauen, Mannschaft, Nachwuchs und Trainer abzustimmen.<\/p>\n<p style=\"text-align: justify;\"><!--more--><\/p>\n<p style=\"text-align: justify;\">Neben den Top-Sportlern der Region wie Leichtathletin Martina Strutz, Profiboxer J\u00fcrgen Brehmer oder Leichtathlet Clemens Pr\u00fcfer wurden auch die L\u00fcbtheener Ringer in das Verlagshaus, in die Schweriner Gutenbergstra\u00dfe geladen, um die feierliche Verk\u00fcndung der Ergebnisse mitzuerleben. Stellvertretend f\u00fcr das Team machten sich die Vereinsvorsitzenden Bert Compas und Joachim Schwenck sowie Cheftrainer Jens-Peter Sievertsen auf den Weg in die Landeshauptstadt. Die Verk\u00fcndigung der Gewinner erfolgte vor etwa 80 geladenen G\u00e4sten durch SVZ-Chefredakteur Michael Seidel und dem Sportredakteur Volker Beier. Das L\u00fcbtheener Bundesligateam erklomm knapp hinter der Herrenhockeymannschaft aus G\u00fcstrow und den Volleyballerinnen des SSC Schwerin das Podium. Vereinsvorsitzender Bert Compas durfte f\u00fcr den 3. Platz neben einem Blumenstrau\u00df einen Satz Medaillen sowie einen Pokal entgegen nehmen. Die L\u00fcbtheener Ringer sind au\u00dferordentlich Stolz auf das Ergebnis dieser Abstimmung und bedanken sich auf diesem Wege bei allen Fans, die f\u00fcr den RVL abgestimmt haben.<br \/>\nNach dem Abschluss der Auszeichnungen lie\u00dfen die Sportler die Veranstaltung bei einem Catering und angeregten Gespr\u00e4chen im Verlagshaus ausklingen.<\/p>\n<ul>\n<li style=\"text-align: justify;\"><a href=\"http:\/\/www.ringen-luebtheen.de\/?p=4253\" target=\"_blank\">Bilder<\/a><\/li>\n<\/ul>\n","protected":false},"excerpt":{"rendered":"<p>Bei der traditionellen Umfrage der beliebtesten SportlerInnen durch die Schweriner Volkszeitung war auch der Ringerverein L\u00fcbtheen in der Kategorie Mannschaften aufgelistet. Nach der hervorragenden Saison im Jahr 2014, die durch den Meistertitel in der 2. Bundesliga Nord gekr\u00f6nt wurde, hatte es der RVL verdient, ganz oben mitzumischen. Seit<\/p>\n","protected":false},"author":1,"featured_media":0,"comment_status":"open","ping_status":"open","sticky":false,"template":"","format":"standard","meta":{"footnotes":""},"categories":[4],"tags":[],"class_list":["post-3438","post","type-post","status-publish","format-standard","hentry","category-lubtheen"],"_links":{"self":[{"href":"https:\/\/www.ringen-mv.de\/index.php?rest_route=\/wp\/v2\/posts\/3438","targetHints":{"allow":["GET"]}}],"collection":[{"href":"https:\/\/www.ringen-mv.de\/index.php?rest_route=\/wp\/v2\/posts"}],"about":[{"href":"https:\/\/www.ringen-mv.de\/index.php?rest_route=\/wp\/v2\/types\/post"}],"author":[{"embeddable":true,"href":"https:\/\/www.ringen-mv.de\/index.php?rest_route=\/wp\/v2\/users\/1"}],"replies":[{"embeddable":true,"href":"https:\/\/www.ringen-mv.de\/index.php?rest_route=%2Fwp%2Fv2%2Fcomments&post=3438"}],"version-history":[{"count":2,"href":"https:\/\/www.ringen-mv.de\/index.php?rest_route=\/wp\/v2\/posts\/3438\/revisions"}],"predecessor-version":[{"id":3440,"href":"https:\/\/www.ringen-mv.de\/index.php?rest_route=\/wp\/v2\/posts\/3438\/revisions\/3440"}],"wp:attachment":[{"href":"https:\/\/www.ringen-mv.de\/index.php?rest_route=%2Fwp%2Fv2%2Fmedia&parent=3438"}],"wp:term":[{"taxonomy":"category","embeddable":true,"href":"https:\/\/www.ringen-mv.de\/index.php?rest_route=%2Fwp%2Fv2%2Fcategories&post=3438"},{"taxonomy":"post_tag","embeddable":true,"href":"https:\/\/www.ringen-mv.de\/index.php?rest_route=%2Fwp%2Fv2%2Ftags&post=3438"}],"curies":[{"name":"wp","href":"https:\/\/api.w.org\/{rel}","templated":true}]}}