{"id":3469,"date":"2015-03-18T09:14:33","date_gmt":"2015-03-18T08:14:33","guid":{"rendered":"http:\/\/www.sav-torgelow-ringen.de\/RV%20MV2\/wordpress_341-de\/wordpress\/?p=3469"},"modified":"2015-03-18T09:14:33","modified_gmt":"2015-03-18T08:14:33","slug":"deutschen-meistertitel-nach-luebtheen-geholt","status":"publish","type":"post","link":"https:\/\/www.ringen-mv.de\/?p=3469","title":{"rendered":"Deutschen Meistertitel nach L\u00fcbtheen geholt"},"content":{"rendered":"<p style=\"text-align: justify;\">Eine riesengro\u00dfe Freude breitete sich bei den Ringersportlern und in der Fangemeinde aus, als sie auf der Internetseite des RV L\u00fcbtheen bereits am Sonntagnachmittag zeitnah lesen konnten, dass Jan-Lukas Block (14 Jahre) in der nordrhein-westf\u00e4lischen Stadt Herdecke bei den Meisterschaften der B-Jugend im Freien Ringkampf souver\u00e4n Sieger in der Gewichtsklasse bis 54 kg und damit Deutscher Meister 2015 geworden ist.<\/p>\n<p style=\"text-align: justify;\"><!--more--><\/p>\n<p style=\"text-align: justify;\">Nach genau 14 Jahren, als der L\u00fcbtheener Maurice Hippmann 2001 den ersten bundesdeutschen Meistertitel errungen hatte, konnte wieder ein L\u00fcbtheener eine Goldmedaille nach L\u00fcbtheen entf\u00fchren. Damit wurde die kontinuierliche Nachwuchsarbeit in L\u00fcbtheen, begleitet von einer Silbermedaille durch Gordon Schwenck 2004 und von einem dritten Platz durch Alexander Biederst\u00e4dt 2013 belohnt. <strong>Jan-Lukas<\/strong> kommt aus einer \u201cringerisch vorbelasteten\u201c Familie: Sein Vater Jens (Bronze bei der DDR-Spartakiade 1989) geh\u00f6rte auch zu den Ringertalenten, die ihre sportliche Laufbahn im Leistungszentrum Frankfurt\/Oder fortsetzten.<\/p>\n<p style=\"text-align: justify;\">Jan-Lukas ringt seit seinem neunten Lebensjahr. Er fiel dabei sofort durch seinen ungebrochenen Flei\u00df und sein Talent f\u00fcr das Ringen auf. Ein kameradschaftliches Verh\u00e4ltnis zu den anderen Sportlern zeichnet ihn besonders aus. Sein j\u00fcngerer Bruder Felix folgte ihm bald auf die Matte.<\/p>\n<p style=\"text-align: justify;\">Bei den Titelk\u00e4mpfen 2014 geh\u00f6rte Jan-Lukas bereits zu den aussichtsreichen K\u00e4mpfern in seiner Gewichtsklasse, wenn auch ihm damals zum Schluss nur der undankbare 4. Platz verblieben war.<\/p>\n<p style=\"text-align: justify;\">Statt zu resignieren, trainierte er noch flei\u00dfiger und zielbewusster f\u00fcr die DM-Teilnahme 2015 weiter und wechselte August 2014 zu der Sportschule Luckenwalde. Bei den diesj\u00e4hrigen Meisterschaften zahlte sich dann sein st\u00e4ndiges Streben nach dem Titel eines Deutschen Meisters aus. Auf dem Weg zum Siegerpodest besiegte Jan-Lukas in der mit 15 Aktiven stark besetzten Gewichtsklasse in f\u00fcnf K\u00e4mpfen den favorisierten T. Singridis (Baden-W\u00fcrttemberg, Punktsieg), A. Zveranski (Nordrhein-Westfalen, Schultersieg), I. Stefanez (Baden-W\u00fcrttemberg, Schultersieg), J. Tomic (Rheinland-Pfalz, Punktsieg) und \u00d6. Senyigit (Bayern, Schultersieg) souver\u00e4n.<\/p>\n<p style=\"text-align: justify;\"><a href=\"http:\/\/www.ringen-mv.de\/wp-content\/uploads\/2015\/03\/IMG_4228.jpg\"><img loading=\"lazy\" decoding=\"async\" class=\"aligncenter wp-image-3471 size-full\" src=\"http:\/\/www.ringen-mv.de\/wp-content\/uploads\/2015\/03\/IMG_4228.jpg\" alt=\"IMG_4228\" width=\"592\" height=\"264\" srcset=\"https:\/\/www.ringen-mv.de\/wp-content\/uploads\/2015\/03\/IMG_4228.jpg 592w, https:\/\/www.ringen-mv.de\/wp-content\/uploads\/2015\/03\/IMG_4228-300x134.jpg 300w\" sizes=\"auto, (max-width: 592px) 100vw, 592px\" \/><\/a>Im ersehnten Finalkampf \u00fcberlie\u00df er Leon Lambert (Saarland, Punktsieg) keine Chance. Nachdem Jan-Lukas sich in der 1. Kampfh\u00e4lfte einen Punktvorsprung von 3 Z\u00e4hlern verschafft hatte, beendete er den alles entscheidenden Zweikampf mit einem sicheren 5:1-Punktsieg und wurde strahlender Deutscher Meister. Sein gr\u00f6\u00dfter Gegner im Vorfeld zu den Meisterschaften war eigentlich eine t\u00fcckische Grippe, die seine Teilnahme an den Titelk\u00e4mpfen fast zunichte gemacht h\u00e4tte.<\/p>\n<p style=\"text-align: justify;\">Bei den Deutschen Meisterschaften der B-Jugend im griechisch-r\u00f6mischen Stil 2015 im bayrischen Rimbach ging der erst 13-j\u00e4hrige <strong>Marten Scheel<\/strong>, der sich seit kurzer Zeit in dieser Stilart profilierte und in Frankfurt\/Oder an der Sportschule ist, auf die Matte. Nach einem ausgezeichneten Mitteldeutschen Meistertitel konnte er aber bei seiner ersten Teilnahme an den Titelk\u00e4mpfen noch nicht ganz mithalten und verlor gegen M. Riebes (Saarland, Schulterniederlage) sowie gegen S. Kr\u00e4mer (Baden-W\u00fcrttemberg, Schulterniederlage). Marten, der zu den flei\u00dfigsten Nachwuchsringern des RV L\u00fcbtheen z\u00e4hlt, wird sein gestecktes Ziel in der ungewohnten Stilart erst im n\u00e4chsten Jahr erreichen k\u00f6nnen.<\/p>\n<ul>\n<li style=\"text-align: justify;\"><a href=\"http:\/\/www.ringen-luebtheen.de\/?p=4294\" target=\"_blank\">Bilder<\/a><\/li>\n<\/ul>\n","protected":false},"excerpt":{"rendered":"<p>Eine riesengro\u00dfe Freude breitete sich bei den Ringersportlern und in der Fangemeinde aus, als sie auf der Internetseite des RV L\u00fcbtheen bereits am Sonntagnachmittag zeitnah lesen konnten, dass Jan-Lukas Block (14 Jahre) in der nordrhein-westf\u00e4lischen Stadt Herdecke bei den Meisterschaften der B-Jugend im Freien Ringkampf souver\u00e4n Sieger in<\/p>\n","protected":false},"author":1,"featured_media":3470,"comment_status":"open","ping_status":"open","sticky":false,"template":"","format":"standard","meta":{"footnotes":""},"categories":[4],"tags":[],"class_list":["post-3469","post","type-post","status-publish","format-standard","has-post-thumbnail","hentry","category-lubtheen"],"_links":{"self":[{"href":"https:\/\/www.ringen-mv.de\/index.php?rest_route=\/wp\/v2\/posts\/3469","targetHints":{"allow":["GET"]}}],"collection":[{"href":"https:\/\/www.ringen-mv.de\/index.php?rest_route=\/wp\/v2\/posts"}],"about":[{"href":"https:\/\/www.ringen-mv.de\/index.php?rest_route=\/wp\/v2\/types\/post"}],"author":[{"embeddable":true,"href":"https:\/\/www.ringen-mv.de\/index.php?rest_route=\/wp\/v2\/users\/1"}],"replies":[{"embeddable":true,"href":"https:\/\/www.ringen-mv.de\/index.php?rest_route=%2Fwp%2Fv2%2Fcomments&post=3469"}],"version-history":[{"count":1,"href":"https:\/\/www.ringen-mv.de\/index.php?rest_route=\/wp\/v2\/posts\/3469\/revisions"}],"predecessor-version":[{"id":3472,"href":"https:\/\/www.ringen-mv.de\/index.php?rest_route=\/wp\/v2\/posts\/3469\/revisions\/3472"}],"wp:featuredmedia":[{"embeddable":true,"href":"https:\/\/www.ringen-mv.de\/index.php?rest_route=\/wp\/v2\/media\/3470"}],"wp:attachment":[{"href":"https:\/\/www.ringen-mv.de\/index.php?rest_route=%2Fwp%2Fv2%2Fmedia&parent=3469"}],"wp:term":[{"taxonomy":"category","embeddable":true,"href":"https:\/\/www.ringen-mv.de\/index.php?rest_route=%2Fwp%2Fv2%2Fcategories&post=3469"},{"taxonomy":"post_tag","embeddable":true,"href":"https:\/\/www.ringen-mv.de\/index.php?rest_route=%2Fwp%2Fv2%2Ftags&post=3469"}],"curies":[{"name":"wp","href":"https:\/\/api.w.org\/{rel}","templated":true}]}}