{"id":3474,"date":"2015-03-21T13:12:02","date_gmt":"2015-03-21T12:12:02","guid":{"rendered":"http:\/\/www.sav-torgelow-ringen.de\/RV%20MV2\/wordpress_341-de\/wordpress\/?p=3474"},"modified":"2015-03-21T13:12:02","modified_gmt":"2015-03-21T12:12:02","slug":"noch-4-tage","status":"publish","type":"post","link":"https:\/\/www.ringen-mv.de\/?p=3474","title":{"rendered":"Noch 4 Tage \u2013"},"content":{"rendered":"<p style=\"text-align: justify;\">dann ist Freitag. Ausnahmsweise mal nicht ein Freitag der 13.!Das w\u00e4re auch nicht so gut, denn Pech kann eine Demminerin an diesem Tag nicht gebrauchen. Am 20. M\u00e4rz 2015 startet Steffi Blohm vom Demminer Ringerverein 1954 e.V. bei den Deutschen Meisterschaften der weiblichen Jugend in Berlin. Tja, und wenn dann am Folgetag die Finals und die Siegerehrungen stattfinden, will die junge Frau ganz oben stehen und damit den ersten nationalen Titel f\u00fcr die Demminer Mattenf\u00fcchse einfahren.<\/p>\n<p style=\"text-align: justify;\"><!--more--><\/p>\n<p style=\"text-align: justify;\">Laut Meldungen stehen ihr auf dem Weg nach ganz oben sechs Gegnerinnen gegen\u00fcber, die Steffi den Titel nicht ohne harte Gegenwehr \u00fcberlassen werden.<br \/>\nIm letzten Jahr, bei der DM in DM, musste Steffi sich im Finale noch der international erfahrenen Nicole Amann beugen aber in diesem Jahr soll der gro\u00dfe Coup dann gelingen. Daf\u00fcr trainiert die mittlerweile in Waren wohnende Sportlerin schon seit einigen Jahren an der Sportschule in Frankfurt (Oder) unter optimalen Bedingungen. Ihre Trainer dort gaben ihr in den letzten Wochen den n\u00f6tigen Feinschliff und beim letzten Test setzte Steffi ein starkes Achtungszeichen. Bei den Deutschen Meisterschaften der Juniorinnen gewann sie nach zwei starken K\u00e4mpfen die Silbermedaille, was ein gro\u00dfer Erfolg ist, da sie in dem Teilnehmerfeld die j\u00fcngste K\u00e4mpferin war.<\/p>\n<p>Aber Steffi vertritt nicht alleine die Farben der Hansest\u00e4dter in Demmin. Mit von der Party ist auch Peggy Liedtke, die in der Gewichtsklasse bis 43 kg starten und dort elf Gegnerinnen haben wird. Im letzten Jahr wurde die \u201eKleine\u201c Sechste. In diesem Jahr soll es mindestens einen Platz nach oben gehen, und wer wei\u00df, mit etwas Gl\u00fcck und ganz viel Kampfgeist ist vielleicht eine \u00dcberraschung m\u00f6glich.<br \/>\nBei den gut besetzten Mitteldeutschen Meisterschaften vor zwei Wochen belegte Peggy nach einer starken Turnierleistung einen zweiten Platz. Dieser Erfolg sollte ihr das n\u00f6tige und in der Vergangenheit des \u00d6fteren fehlende Selbstbewusstsein geben, um bei den Titelk\u00e4mpfen in der Hauptstadt zu bestehen.<\/p>\n<p style=\"text-align: justify;\">Wenn nun am Freitag eine kleine Delegation des Demminer Ringerverein in die Hauptstadt f\u00e4hrt, um Steffi und Peggy lautstark nach vorne zu pushen, werden sicherlich viele Ringkampfverr\u00fcckte die K\u00e4mpfe im Internet verfolgen und den Demminerinnen die Daumen dr\u00fccken.<\/p>\n","protected":false},"excerpt":{"rendered":"<p>dann ist Freitag. Ausnahmsweise mal nicht ein Freitag der 13.!Das w\u00e4re auch nicht so gut, denn Pech kann eine Demminerin an diesem Tag nicht gebrauchen. Am 20. M\u00e4rz 2015 startet Steffi Blohm vom Demminer Ringerverein 1954 e.V. bei den Deutschen Meisterschaften der weiblichen Jugend in Berlin. Tja, und<\/p>\n","protected":false},"author":1,"featured_media":2362,"comment_status":"open","ping_status":"open","sticky":false,"template":"","format":"standard","meta":{"footnotes":""},"categories":[11],"tags":[],"class_list":["post-3474","post","type-post","status-publish","format-standard","has-post-thumbnail","hentry","category-demmin"],"_links":{"self":[{"href":"https:\/\/www.ringen-mv.de\/index.php?rest_route=\/wp\/v2\/posts\/3474","targetHints":{"allow":["GET"]}}],"collection":[{"href":"https:\/\/www.ringen-mv.de\/index.php?rest_route=\/wp\/v2\/posts"}],"about":[{"href":"https:\/\/www.ringen-mv.de\/index.php?rest_route=\/wp\/v2\/types\/post"}],"author":[{"embeddable":true,"href":"https:\/\/www.ringen-mv.de\/index.php?rest_route=\/wp\/v2\/users\/1"}],"replies":[{"embeddable":true,"href":"https:\/\/www.ringen-mv.de\/index.php?rest_route=%2Fwp%2Fv2%2Fcomments&post=3474"}],"version-history":[{"count":1,"href":"https:\/\/www.ringen-mv.de\/index.php?rest_route=\/wp\/v2\/posts\/3474\/revisions"}],"predecessor-version":[{"id":3475,"href":"https:\/\/www.ringen-mv.de\/index.php?rest_route=\/wp\/v2\/posts\/3474\/revisions\/3475"}],"wp:featuredmedia":[{"embeddable":true,"href":"https:\/\/www.ringen-mv.de\/index.php?rest_route=\/wp\/v2\/media\/2362"}],"wp:attachment":[{"href":"https:\/\/www.ringen-mv.de\/index.php?rest_route=%2Fwp%2Fv2%2Fmedia&parent=3474"}],"wp:term":[{"taxonomy":"category","embeddable":true,"href":"https:\/\/www.ringen-mv.de\/index.php?rest_route=%2Fwp%2Fv2%2Fcategories&post=3474"},{"taxonomy":"post_tag","embeddable":true,"href":"https:\/\/www.ringen-mv.de\/index.php?rest_route=%2Fwp%2Fv2%2Ftags&post=3474"}],"curies":[{"name":"wp","href":"https:\/\/api.w.org\/{rel}","templated":true}]}}