{"id":3520,"date":"2015-03-31T16:49:46","date_gmt":"2015-03-31T14:49:46","guid":{"rendered":"http:\/\/www.sav-torgelow-ringen.de\/RV%20MV2\/wordpress_341-de\/wordpress\/?p=3520"},"modified":"2015-03-31T16:50:23","modified_gmt":"2015-03-31T14:50:23","slug":"demminer-haben-in-der-landeshauptstadt-gerungen","status":"publish","type":"post","link":"https:\/\/www.ringen-mv.de\/?p=3520","title":{"rendered":"Demminer haben in der Landeshauptstadt gerungen"},"content":{"rendered":"<div id=\"CenterContent\">\n<div class=\"CenterContentInner\">\n<div class=\"newssingle\">\n<div class=\"newsItemDetail\" style=\"text-align: justify;\">\n<div class=\"clearer\">Der Ringerverein aus der Landeshauptstadt lud am vergangenen Sonnabend zum 22. Internationalen Peterm\u00e4nnchen-Pokal ein und 174 weibliche und m\u00e4nnliche Ringer folgten dem Ruf des PSV Schwerin.<\/div>\n<div class=\"clearer\">\n<div id=\"CenterContent\"><\/div>\n<p><!--more--><\/p>\n<\/div>\n<\/div>\n<div class=\"text\">\n<p style=\"text-align: justify;\">Darunter waren auch einige Mattenf\u00fcchse aus Demmin, die am Ende des Tages sieben Medaillen mit nach Hause brachten. Die verantwortlichen Trainer waren mit den gezeigten Leistungen zufrieden und konnten von einer gelungenen Generalprobe sprechen, denn am 11.04. findet das<br \/>\n12. Pokalturnier der Hansestadt Demmin in der Friesenhalle statt.<br \/>\nBesonders hervorzuheben ist mit Paul Blasczyk ein junger Mann, der zwar in einem sehr starken Feld mit Platz vier knapp an der Medaille vorbeischrammte, aber starke K\u00e4mpfe zeigte.<br \/>\nAber wie gesagt, alle Demminer gaben ihr Bestes und gerade die J\u00fcngsten wie Mattes Wiese, Paul Corsten, Vincent Beyer, Veerpatap Pabla und Olaf G\u00fcnther zeigten teils sehr gute Ans\u00e4tze.<\/p>\n<p style=\"text-align: justify;\">Jetzt geht aber der Blick auf das Wochenende nach Ostern, an dem der Demminer Ringerverein 1954 e.V. wieder \u00fcber 100 Startet aus vielen Teilen des Landes erwartet.<br \/>\nF\u00fcr die Statistiker hier die Platzierungen der Demminer:<\/p>\n<p>1. Marc Warncke<br \/>\n2. Dominik Scheil<br \/>\n2. Max Flatau<br \/>\n2. Veerpatap Pabla<br \/>\n3. Olaf G\u00fcnther<br \/>\n3. Vincent Beyer<br \/>\n3. Maurice Liedtke<br \/>\n4. Paul Blasczyk<br \/>\n7. Vanessa Hoth<br \/>\n8. Mattes Wiese<br \/>\n9. Paul Corsten<br \/>\n10. Dustin Budriks<br \/>\n10. Amy Seliger<br \/>\n11. Joelin Radloff<\/p>\n<\/div>\n<\/div>\n<\/div>\n<\/div>\n","protected":false},"excerpt":{"rendered":"<p>Der Ringerverein aus der Landeshauptstadt lud am vergangenen Sonnabend zum 22. Internationalen Peterm\u00e4nnchen-Pokal ein und 174 weibliche und m\u00e4nnliche Ringer folgten dem Ruf des PSV Schwerin.<\/p>\n","protected":false},"author":1,"featured_media":2362,"comment_status":"open","ping_status":"open","sticky":false,"template":"","format":"standard","meta":{"footnotes":""},"categories":[11],"tags":[],"class_list":["post-3520","post","type-post","status-publish","format-standard","has-post-thumbnail","hentry","category-demmin"],"_links":{"self":[{"href":"https:\/\/www.ringen-mv.de\/index.php?rest_route=\/wp\/v2\/posts\/3520","targetHints":{"allow":["GET"]}}],"collection":[{"href":"https:\/\/www.ringen-mv.de\/index.php?rest_route=\/wp\/v2\/posts"}],"about":[{"href":"https:\/\/www.ringen-mv.de\/index.php?rest_route=\/wp\/v2\/types\/post"}],"author":[{"embeddable":true,"href":"https:\/\/www.ringen-mv.de\/index.php?rest_route=\/wp\/v2\/users\/1"}],"replies":[{"embeddable":true,"href":"https:\/\/www.ringen-mv.de\/index.php?rest_route=%2Fwp%2Fv2%2Fcomments&post=3520"}],"version-history":[{"count":2,"href":"https:\/\/www.ringen-mv.de\/index.php?rest_route=\/wp\/v2\/posts\/3520\/revisions"}],"predecessor-version":[{"id":3522,"href":"https:\/\/www.ringen-mv.de\/index.php?rest_route=\/wp\/v2\/posts\/3520\/revisions\/3522"}],"wp:featuredmedia":[{"embeddable":true,"href":"https:\/\/www.ringen-mv.de\/index.php?rest_route=\/wp\/v2\/media\/2362"}],"wp:attachment":[{"href":"https:\/\/www.ringen-mv.de\/index.php?rest_route=%2Fwp%2Fv2%2Fmedia&parent=3520"}],"wp:term":[{"taxonomy":"category","embeddable":true,"href":"https:\/\/www.ringen-mv.de\/index.php?rest_route=%2Fwp%2Fv2%2Fcategories&post=3520"},{"taxonomy":"post_tag","embeddable":true,"href":"https:\/\/www.ringen-mv.de\/index.php?rest_route=%2Fwp%2Fv2%2Ftags&post=3520"}],"curies":[{"name":"wp","href":"https:\/\/api.w.org\/{rel}","templated":true}]}}