{"id":3582,"date":"2015-04-23T20:53:29","date_gmt":"2015-04-23T18:53:29","guid":{"rendered":"http:\/\/www.sav-torgelow-ringen.de\/RV%20MV2\/wordpress_341-de\/wordpress\/?p=3582"},"modified":"2015-04-23T20:55:21","modified_gmt":"2015-04-23T18:55:21","slug":"alexander-ist-nicht-zu-stoppen-gold","status":"publish","type":"post","link":"https:\/\/www.ringen-mv.de\/?p=3582","title":{"rendered":"Alexander ist nicht zu stoppen \u2013 Gold"},"content":{"rendered":"<p style=\"text-align: justify;\">Der Ringerverein L\u00fcbtheen kann einen weiteren Deutschen Meister feiern. Nur wenige Wochen, nachdem Jan-Lukas Block bei den Titelk\u00e4mpfen der B-Jugend in Herdecke triumphierte (SVZ berichtete), brachte Alexander Biederst\u00e4dt bei den in Mainz ausgetragenen Freistil-Meisterschaften der A-Jugend in der Gewichtsklasse bis 85 Kilogramm das gleiche Kunstst\u00fcck fertig. \u201eDas Niveau in Mainz war insgesamt b\u00e4renstark\u201c, sch\u00e4tzte RVL-Trainer Jens-Peter Sievertsen ein.<\/p>\n<p style=\"text-align: justify;\"><!--more--><\/p>\n<p style=\"text-align: justify;\">Er attestierte seinem fr\u00fcheren Sch\u00fctzling, der seit 2013 die Sportschule Luckenwalde besucht, zielstrebig und unbeirrt seinen Weg gegangen zu sein. Das zeichnet ihn aus, seit er mit neun Jahren erstmals die Ringermatte betreten hat. Er verpasste nie eine Trainingseinheit, organisierte oft selbst die 12-km-Fahrt vom Heimatort Goldenitz zur L\u00fcbtheener Sporthalle und konnte jetzt die Fr\u00fcchte seines gro\u00dfen Flei\u00dfes ernten: \u201eAlexander hat sich topfit pr\u00e4sentiert und keinen Zweifel an seinem Ziel aufkommen lassen.\u201c Das war nach der Bronzemedaille vor zwei Jahren eindeutig auf den Titel ausgerichtet.<\/p>\n<p style=\"text-align: justify;\">Drei Gegner galt es auf dem Weg ins Finale zu bezwingen. Da sowohl Julian Zimmermann (KSV Witten), als auch Jason Benjamin Schild (KSV Eppelborn) unbekannte Gr\u00f6\u00dfen waren, startete der L\u00fcbtheener verhalten, um seine \u00dcberlegenheit dann aber mit 15:0- und 16:1-Punktsiegen zu unterstreichen. Ein anderes Kaliber war Marvin von Prondzynski vom SC Luckenwalde. Man kannte sich bestens vom gemeinsamen Training. \u201eDas war schon ein bisschen kribbelig. Aber Alexander ist ein guter Werfer und hat das durchgezogen\u201c, beschrieb Sievertsen die kampfentscheidende Aktion, die zum 7:2-Erfolg f\u00fchrte und den Finaleinzug perfekt machte. Dort wartete am n\u00e4chsten Morgen Adrian Rubach (KSV Trossingen). Nach je einer Wertung f\u00fcr beide K\u00e4mpfer \u00fcbernahm Alexander das Kommando und sammelte Punkt um Punkt bis zum souver\u00e4nen 16:2-Endstand.<\/p>\n<p style=\"text-align: justify;\">Mit Fabian Schmidt (58 kg) und Silvio Klink (46 kg) ma\u00dfen sich zwei weitere L\u00fcbtheener Talente in Mainz mit den Besten ihrer Alters- und Gewichtsklasse. Dass es der ebenfalls die Luckenwalder Sportschule besuchende Fabian in seinem ersten A-Jugend-Jahr sehr schwer haben w\u00fcrde, war von vorn herein klar. Beim hauchd\u00fcnnen 10:11 gegen Thomas Hunger (KSV Ostringen) h\u00e4tte er aber durchaus als Sieger von der Matte gehen k\u00f6nnen. \u201eDas war schon extrem \u00e4rgerlich.\u201c Als noch eine Nummer zu gro\u00df erwies sich dagegen der k\u00f6rperlich \u00fcberlegene Dominik Reichle (ASV Tuttlingen), der den L\u00fcbtheener auf die Schultern zwang. Auch f\u00fcr Silvio waren die Meisterschaften nach zwei Niederlagen vorzeitig beendet. \u201eEr hat gut mitgek\u00e4mpft und Wertungen erzielt, aber seine taktische Linie noch nicht ganz durchgebracht\u201c, analysierte ein insgesamt sehr zufriedener Trainer.<\/p>\n<p style=\"text-align: justify;\">Jens-Peter Sievertsen wusste auch von den parallel ausgetragenen Titelk\u00e4mpfen im griechisch-r\u00f6mischen Stil Erfreuliches zu berichten. Die Torgelower Zwillinge Alexander (54 kg) und Andrej Ginc (58 kg), die f\u00fcr die L\u00fcbtheener M\u00e4nner schon um Bundesliga-Punkte gerungen haben, trumpften in Plauen gro\u00df auf und sicherten sich jeweils Gold. Vielleicht liegt sogar weiteres Edelmetall f\u00fcr MV in der Luft. An den n\u00e4chsten beiden Wochenenden stehen die Deutschen Mannschaftsmeisterschaften der Sch\u00fcler und Jugend auf dem Programm \u2013 mit L\u00fcbtheener Beteiligung.<\/p>\n<ul>\n<li style=\"text-align: justify;\"><a href=\"http:\/\/www.ringen-luebtheen.de\/?p=4403\" target=\"_blank\">Bilder<\/a><\/li>\n<\/ul>\n","protected":false},"excerpt":{"rendered":"<p>Der Ringerverein L\u00fcbtheen kann einen weiteren Deutschen Meister feiern. Nur wenige Wochen, nachdem Jan-Lukas Block bei den Titelk\u00e4mpfen der B-Jugend in Herdecke triumphierte (SVZ berichtete), brachte Alexander Biederst\u00e4dt bei den in Mainz ausgetragenen Freistil-Meisterschaften der A-Jugend in der Gewichtsklasse bis 85 Kilogramm das gleiche Kunstst\u00fcck fertig. \u201eDas Niveau<\/p>\n","protected":false},"author":1,"featured_media":3585,"comment_status":"open","ping_status":"open","sticky":false,"template":"","format":"standard","meta":{"footnotes":""},"categories":[4],"tags":[],"class_list":["post-3582","post","type-post","status-publish","format-standard","has-post-thumbnail","hentry","category-lubtheen"],"_links":{"self":[{"href":"https:\/\/www.ringen-mv.de\/index.php?rest_route=\/wp\/v2\/posts\/3582","targetHints":{"allow":["GET"]}}],"collection":[{"href":"https:\/\/www.ringen-mv.de\/index.php?rest_route=\/wp\/v2\/posts"}],"about":[{"href":"https:\/\/www.ringen-mv.de\/index.php?rest_route=\/wp\/v2\/types\/post"}],"author":[{"embeddable":true,"href":"https:\/\/www.ringen-mv.de\/index.php?rest_route=\/wp\/v2\/users\/1"}],"replies":[{"embeddable":true,"href":"https:\/\/www.ringen-mv.de\/index.php?rest_route=%2Fwp%2Fv2%2Fcomments&post=3582"}],"version-history":[{"count":2,"href":"https:\/\/www.ringen-mv.de\/index.php?rest_route=\/wp\/v2\/posts\/3582\/revisions"}],"predecessor-version":[{"id":3586,"href":"https:\/\/www.ringen-mv.de\/index.php?rest_route=\/wp\/v2\/posts\/3582\/revisions\/3586"}],"wp:featuredmedia":[{"embeddable":true,"href":"https:\/\/www.ringen-mv.de\/index.php?rest_route=\/wp\/v2\/media\/3585"}],"wp:attachment":[{"href":"https:\/\/www.ringen-mv.de\/index.php?rest_route=%2Fwp%2Fv2%2Fmedia&parent=3582"}],"wp:term":[{"taxonomy":"category","embeddable":true,"href":"https:\/\/www.ringen-mv.de\/index.php?rest_route=%2Fwp%2Fv2%2Fcategories&post=3582"},{"taxonomy":"post_tag","embeddable":true,"href":"https:\/\/www.ringen-mv.de\/index.php?rest_route=%2Fwp%2Fv2%2Ftags&post=3582"}],"curies":[{"name":"wp","href":"https:\/\/api.w.org\/{rel}","templated":true}]}}