{"id":3602,"date":"2015-05-11T19:30:02","date_gmt":"2015-05-11T17:30:02","guid":{"rendered":"http:\/\/www.sav-torgelow-ringen.de\/RV%20MV2\/wordpress_341-de\/wordpress\/?p=3602"},"modified":"2015-05-11T19:31:50","modified_gmt":"2015-05-11T17:31:50","slug":"die-deutschen-meisterschaften-2015-sind-geschichte-und-konnten-vom-demminer-rv-erfolgreich-gestaltet-werden","status":"publish","type":"post","link":"https:\/\/www.ringen-mv.de\/?p=3602","title":{"rendered":"Die Deutschen Meisterschaften 2015 sind Geschichte und konnten vom Demminer RV erfolgreich gestaltet werden"},"content":{"rendered":"<p style=\"text-align: justify;\">Vor drei Wochen startete Sten Brauer bei den DM der A-Jugend im griechisch-r\u00f6mischen Stil. Sten, der als j\u00fcngster Jahrgang antrat, war zudem auch noch mit Abstand der leichteste in seiner Gewichtsklasse. Somit war es von Anfang an ein schweres Vorhaben, sich dort durchzusetzen. Sten gab jedoch sein Bestes und wurde am Ende Sechster. Im n\u00e4chsten, und vor allem im \u00fcbern\u00e4chsten Jahr wird Sten dann als \u00c4ltester eine bessere Platzierung anstreben.<\/p>\n<p style=\"text-align: justify;\"><!--more--><br \/>\nAm vergangenen Wochenende ging Steffi Blohm zu ihren dritten Deutschen Meisterschaften in diesem Jahr auf die Matte. Nachdem sie bei den Juniorinnen einen ausgezeichneten zweiten Platz belegte und bei den DM in ihrer Altersklasse sogar Erste wurde, warteten nun die besten Frauen Deutschlands auf die Demminerin. Steffi musste gegen teilweise sechs Jahre \u00e4ltere Sportlerinnen antreten und schlug sich dort ausgezeichnet.<br \/>\nAm Ende wurde sie gute Vierte und \u00e4rgerte sich am meisten \u00fcber eine Unaufmerksamkeit in der ersten Runde ihres ersten Kampfes, welche ihr den Weg ins Finale versperrte. Aber dieser vierte Platz ist f\u00fcr die mit Abstand J\u00fcngste trotzdem ein gro\u00dfer Erfolg.<\/p>\n<p>Platzierungen Demminer Ringerverein 1954 e.V. bei den Deutschen Meisterschaften 2015:<\/p>\n<p>1. Platz \u2013 Steffi Blohm (weibliche Jugend)<br \/>\n2. Platz \u2013 Steffi Blohm (Juniorinnen)<br \/>\n4. Platz \u2013 Steffi Blohm (Frauen)<br \/>\n6. Platz \u2013 Sten Brauer (A-Jugend; gr.-r\u00f6m.)<br \/>\n8. Platz \u2013 Peggy Liedtke (weibliche Jugend)<\/p>\n","protected":false},"excerpt":{"rendered":"<p>Vor drei Wochen startete Sten Brauer bei den DM der A-Jugend im griechisch-r\u00f6mischen Stil. Sten, der als j\u00fcngster Jahrgang antrat, war zudem auch noch mit Abstand der leichteste in seiner Gewichtsklasse. Somit war es von Anfang an ein schweres Vorhaben, sich dort durchzusetzen. Sten gab jedoch sein Bestes<\/p>\n","protected":false},"author":1,"featured_media":2362,"comment_status":"open","ping_status":"open","sticky":false,"template":"","format":"standard","meta":{"footnotes":""},"categories":[11],"tags":[],"class_list":["post-3602","post","type-post","status-publish","format-standard","has-post-thumbnail","hentry","category-demmin"],"_links":{"self":[{"href":"https:\/\/www.ringen-mv.de\/index.php?rest_route=\/wp\/v2\/posts\/3602","targetHints":{"allow":["GET"]}}],"collection":[{"href":"https:\/\/www.ringen-mv.de\/index.php?rest_route=\/wp\/v2\/posts"}],"about":[{"href":"https:\/\/www.ringen-mv.de\/index.php?rest_route=\/wp\/v2\/types\/post"}],"author":[{"embeddable":true,"href":"https:\/\/www.ringen-mv.de\/index.php?rest_route=\/wp\/v2\/users\/1"}],"replies":[{"embeddable":true,"href":"https:\/\/www.ringen-mv.de\/index.php?rest_route=%2Fwp%2Fv2%2Fcomments&post=3602"}],"version-history":[{"count":3,"href":"https:\/\/www.ringen-mv.de\/index.php?rest_route=\/wp\/v2\/posts\/3602\/revisions"}],"predecessor-version":[{"id":3605,"href":"https:\/\/www.ringen-mv.de\/index.php?rest_route=\/wp\/v2\/posts\/3602\/revisions\/3605"}],"wp:featuredmedia":[{"embeddable":true,"href":"https:\/\/www.ringen-mv.de\/index.php?rest_route=\/wp\/v2\/media\/2362"}],"wp:attachment":[{"href":"https:\/\/www.ringen-mv.de\/index.php?rest_route=%2Fwp%2Fv2%2Fmedia&parent=3602"}],"wp:term":[{"taxonomy":"category","embeddable":true,"href":"https:\/\/www.ringen-mv.de\/index.php?rest_route=%2Fwp%2Fv2%2Fcategories&post=3602"},{"taxonomy":"post_tag","embeddable":true,"href":"https:\/\/www.ringen-mv.de\/index.php?rest_route=%2Fwp%2Fv2%2Ftags&post=3602"}],"curies":[{"name":"wp","href":"https:\/\/api.w.org\/{rel}","templated":true}]}}