{"id":3609,"date":"2015-05-18T18:34:21","date_gmt":"2015-05-18T16:34:21","guid":{"rendered":"http:\/\/www.sav-torgelow-ringen.de\/RV%20MV2\/wordpress_341-de\/wordpress\/?p=3609"},"modified":"2015-05-18T18:38:12","modified_gmt":"2015-05-18T16:38:12","slug":"stark-tom-linke-erkaempft-den-3-platz-bei-den-deutschen-meisterschaften","status":"publish","type":"post","link":"https:\/\/www.ringen-mv.de\/?p=3609","title":{"rendered":"Stark, Tom Linke erk\u00e4mpft den 3.Platz bei den Deutschen Meisterschaften!!!"},"content":{"rendered":"<p><em>Titelk\u00e4mpfe der Superlative fanden w\u00fcrdige Meister und eine Medaille f\u00fcr die Stralsunder Ringer<\/em><\/p>\n<p>Aschaffenburg \u2013 Die Deutschen Meisterschaften der M\u00e4nner im griechisch-r\u00f6mischen Stil sind Geschichte, doch es waren Titelk\u00e4mpfe der Superlative, was die ca.1000 Zuschauer an beiden Tagen in der F.A.N.-Arena Aschaffenburg zu sehen bekamen, war Ringkampf vom Allerfeinsten. Es ging aber auch um sehr viel, Fahrkarte zur WM nach Las Vegas und der dortigen Olympiaqualifikation zu den Spielen 2016 in Rio.<!--more--><\/p>\n<p>Training und nochmals Training bis zur Ersch\u00f6pfung nahm Tom Linke auf sich um dann seine antrainierten konditionellen F\u00e4higkeiten zum\u00a0 Jahresh\u00f6hepunkt abzurufen. Und mit genau dieser F\u00e4higkeit hat er sich die Bronzemedaille erk\u00e4mpft!!!<\/p>\n<p>F\u00fcr den Landesverband Mecklenburg Vorpommern gingen bei den \u00fcber drei Tagen dauernden Titelk\u00e4mpfen die beiden Stralsunder Topathleten Tom -85 kg und Rolf -98 kg Linke \u00fcber die Waage. Den Auftakt am Sonnabendvormittag er\u00f6ffnete Rolf gegen Patrick Sauer vom KSV Ispringen (Nordbaden) Im Standkampf neutralisierten sich Beide, Rolf musste als erster wegen einer Passivit\u00e4tsverwarnung in den Boden, hier lie\u00df er aber keine Wertung zu. Danach musste sein Gegner nach weiteren Standkampf in den Boden. Rolf setzte seine Spezialtechnik im Boden an, konnte seinen Kontrahenten zweimal drehen und schulterte diesen schlie\u00dflich. Das Kampfgericht war sich einig Schultersieg. Nun trat \u00fcberraschender\u00a0 Weise der Oberkampfrichter des Deutschen Ringerbundes in Erscheinung und annulierte den Schultersieg wegen angeblichen Fouls durch Rolf. Die Kampfrichter die nach den Deutschen Meisterschaften von genau diesen (ansonsten sehr kompetenten Hauptkampfrichter) bewertet werden und ihre Einstufung erhalten \u2026..lie\u00dfen sich beeinflussen und der Kampf ging beim Stand von 0 :0 weiter. Mental war bei Rolf der Kopf nicht mehr bereit und er verlor nat\u00fcrlich auch mit zwei Passivit\u00e4tsverwarnungen und der daraus resultierenden Wertung 1 den Kampf. Die Halle stand Kopf und keiner der anderen Kampfrichter\u00a0 noch die Zuschauer verstanden die Ringkampfwelt. Auch der Protest seitens von Trainer Eckhardt Wallmuth der mehr als berechtigt war wurde vom Hauptkampfrichter abgeschmettert\u2026. Da sein Kontrahent den n\u00e4chsten Kampf verlor war f\u00fcr Rolf dann auch die Deutsche Meisterschaft vorbei.<\/p>\n<p>Tom Linke rang im ersten Kampf gegen Serhat Deveci vom KSV Rimbach aus Hessen, diesen schwierigen Auftaktkampf konnte er mit 5:0 f\u00fcr sich entscheiden. Im Viertelfinale traf er dann auf Jan Fischer vom KSV K\u00f6llerbach aus dem Saarland. Gegen den mehrfachen Deutschen Meister und Vizeeuropameister hatte er keine Chance und verlor erwartungsgem\u00e4\u00df mit 0:8. Da Fischer aber ins Finale kam, konnte Tom \u00fcber die Hoffnungsrunde noch im Turnier bleiben. Gegen Florian Otto SVG Nieder-Liebersbach aus Norbaden brannte er ein Feuerwerk von Standtechniken ab und besiegte diesen nach nur 49 Sekunden mit 9:0 nach technischer \u00dcberlegenheit.<\/p>\n<p>Am Sonntag stand Tom dann im kleinen Finale um Platz 3. Hochmotiviert und gut eingestellt rang Tom gegen Ilja Klasner vom ASV Schorndorf vom Landesverband W\u00fcrttenberg. In der ersten Runde neutralisierten sich beide Athleten und es ging mit 0:0 in die Pause. In der zweiten alles entscheidende Runde bearbeitete Tom seinen Gegner auf Grund seiner starken Kondition immer und immer wieder, bis den Mattenleiter nichts anderes \u00fcbrig blieb als Klasner eine Passivit\u00e4tsverwarnung und Tom den dazu geh\u00f6renden Punkt zu geben. Diesen Punktstand verteidigte Tom bis zum Ende und erk\u00e4mpfte so seine dritte Medaille bei Deutschen Meisterschaften, allerdings die erste bei den M\u00e4nnern. F\u00fcr den FSV Stralsund wieder mal ein toller Erfolg mit Ausrufungszeichen und die insgesamt 22 Medaille bei Deutschen Meisterschaften.<\/p>\n<p>&nbsp;<\/p>\n<p>EW<\/p>\n","protected":false},"excerpt":{"rendered":"<p>Titelk\u00e4mpfe der Superlative fanden w\u00fcrdige Meister und eine Medaille f\u00fcr die Stralsunder Ringer Aschaffenburg \u2013 Die Deutschen Meisterschaften der M\u00e4nner im griechisch-r\u00f6mischen Stil sind Geschichte, doch es waren Titelk\u00e4mpfe der Superlative, was die ca.1000 Zuschauer an beiden Tagen in der F.A.N.-Arena Aschaffenburg zu sehen bekamen, war Ringkampf vom<\/p>\n","protected":false},"author":2,"featured_media":3610,"comment_status":"open","ping_status":"open","sticky":false,"template":"","format":"standard","meta":{"footnotes":""},"categories":[16],"tags":[],"class_list":["post-3609","post","type-post","status-publish","format-standard","has-post-thumbnail","hentry","category-stralsund"],"_links":{"self":[{"href":"https:\/\/www.ringen-mv.de\/index.php?rest_route=\/wp\/v2\/posts\/3609","targetHints":{"allow":["GET"]}}],"collection":[{"href":"https:\/\/www.ringen-mv.de\/index.php?rest_route=\/wp\/v2\/posts"}],"about":[{"href":"https:\/\/www.ringen-mv.de\/index.php?rest_route=\/wp\/v2\/types\/post"}],"author":[{"embeddable":true,"href":"https:\/\/www.ringen-mv.de\/index.php?rest_route=\/wp\/v2\/users\/2"}],"replies":[{"embeddable":true,"href":"https:\/\/www.ringen-mv.de\/index.php?rest_route=%2Fwp%2Fv2%2Fcomments&post=3609"}],"version-history":[{"count":4,"href":"https:\/\/www.ringen-mv.de\/index.php?rest_route=\/wp\/v2\/posts\/3609\/revisions"}],"predecessor-version":[{"id":3614,"href":"https:\/\/www.ringen-mv.de\/index.php?rest_route=\/wp\/v2\/posts\/3609\/revisions\/3614"}],"wp:featuredmedia":[{"embeddable":true,"href":"https:\/\/www.ringen-mv.de\/index.php?rest_route=\/wp\/v2\/media\/3610"}],"wp:attachment":[{"href":"https:\/\/www.ringen-mv.de\/index.php?rest_route=%2Fwp%2Fv2%2Fmedia&parent=3609"}],"wp:term":[{"taxonomy":"category","embeddable":true,"href":"https:\/\/www.ringen-mv.de\/index.php?rest_route=%2Fwp%2Fv2%2Fcategories&post=3609"},{"taxonomy":"post_tag","embeddable":true,"href":"https:\/\/www.ringen-mv.de\/index.php?rest_route=%2Fwp%2Fv2%2Ftags&post=3609"}],"curies":[{"name":"wp","href":"https:\/\/api.w.org\/{rel}","templated":true}]}}