{"id":3624,"date":"2015-05-26T11:16:43","date_gmt":"2015-05-26T09:16:43","guid":{"rendered":"http:\/\/www.sav-torgelow-ringen.de\/RV%20MV2\/wordpress_341-de\/wordpress\/?p=3624"},"modified":"2015-05-26T11:18:03","modified_gmt":"2015-05-26T09:18:03","slug":"es-war-viel-los-in-den-letzten-tagen","status":"publish","type":"post","link":"https:\/\/www.ringen-mv.de\/?p=3624","title":{"rendered":"Es war viel los in den letzten Tagen"},"content":{"rendered":"<p style=\"text-align: justify\">Die Aktiven des Demminer Ringerverein 1954 e.V. waren wieder sehr aktiv in diesem Monat. Dabei wechselten sich Licht und Schatten ab.<br \/>\nSo zeigten die kleinen und gro\u00dfen Mattenf\u00fcchse beim Fr\u00fchjahrsturnier in L\u00fcbtheen fast durchgehend entt\u00e4uschende Leistungen. Kaum ein Sportler kam an seine Normalform heran und bei der Auswertung mussten klare Worte gesprochen werden.<br \/>\nDas diese bei den Sportlern ankamen, beweist der Pfingst-Cup in der Hauptstadt, der nur eine Woche sp\u00e4ter stattfand. Mit nur sechs Sportlern erreichten die Hansest\u00e4dter einen guten 10. Platz in der Mannschaftswertung bei 46 gestarteten Teams aus dem In- und Ausland. Ein Extra-Lob muss Maria Betker ausgesprochen werden, die sich in teilweise gro\u00dfartiger Manier gegen alle Gegnerinnen durchsetzte und Turniersiegerin wurde.<\/p>\n<p style=\"text-align: justify\"><!--more-->Zwischen diesen beiden Turnieren, stand am Donnerstag mal ein anderes Training an. Nach der Premiere im letzten Jahr, startete eine gro\u00dfe Truppe erneut beim Mailauf im Bundeswehrdepot in Utzedel. Fast 100 L\u00e4uferinnen und L\u00e4ufer gingen entweder \u00fcber die 3 km-, oder 10 km-Strecke an den Start.<br \/>\nAus den Reihen des Demminer Ringerverein lief nur Hannes Femmer den \u201elangen Kanten\u201c. In einer Zeit unter 55 min wurde er Sieger in seiner Altersklasse.<br \/>\n\u00dcber die k\u00fcrzere Strecke liefen sich mit guten Zeiten vor allen Maria Betker, Paul Blasczyk und der j\u00fcngste Starter Vincent Beyer in den Vordergrund. Doch auch die anderen Ringerinnen und Ringer zeigten vor den Augen des Demminer B\u00fcrgermeisters Dr. Michael Koch ansprechende Laufleistungen.<\/p>\n<p style=\"text-align: justify\">Auf der gro\u00dfen Ringerb\u00fchne war mal wieder Steffi Blohm unterwegs. Beim Grand Prix der BRD vertrat die deutsche Meisterin die Farben Deutschlands. Und es ging gut los \u2013 gleich im ersten Kampf schlug die Demminerin die Polin Kister mit 8:0. In der zweiten Runde fehlte Steffi gegen die Italienerin Eleni Pjollqaj nur ein einziger Punkt zum Sieg. Nach einem weiteren Sieg gegen Maslakova (Wei\u00dfrussland), folgte eine Niederlage gegen eine Russin. Damit war die Vorrunde abgeschlossen und Steffi stand im Kampf um Platz F\u00fcnf. Mit Kinga Kurkowiak aus Polen wartete eine starke Gegnerin auf unser M\u00e4dchen. Doch Steffi k\u00e4mpfte stark und setzte sich mit 6:2 durch. Der f\u00fcnfte Platz ist f\u00fcr die Demminerin ein ausgezeichnetes Ergebnis auf dem Weg zu den Europameisterschaften in Serbien.<\/p>\n<p style=\"text-align: justify\">Alle Demminer Ringkampffreunde dr\u00fccken kr\u00e4ftig die Daumen.<\/p>\n<p style=\"text-align: justify\">\n","protected":false},"excerpt":{"rendered":"<p>Die Aktiven des Demminer Ringerverein 1954 e.V. waren wieder sehr aktiv in diesem Monat. Dabei wechselten sich Licht und Schatten ab. So zeigten die kleinen und gro\u00dfen Mattenf\u00fcchse beim Fr\u00fchjahrsturnier in L\u00fcbtheen fast durchgehend entt\u00e4uschende Leistungen. Kaum ein Sportler kam an seine Normalform heran und bei der Auswertung<\/p>\n","protected":false},"author":2,"featured_media":2362,"comment_status":"open","ping_status":"open","sticky":false,"template":"","format":"standard","meta":{"footnotes":""},"categories":[11],"tags":[],"class_list":["post-3624","post","type-post","status-publish","format-standard","has-post-thumbnail","hentry","category-demmin"],"_links":{"self":[{"href":"https:\/\/www.ringen-mv.de\/index.php?rest_route=\/wp\/v2\/posts\/3624","targetHints":{"allow":["GET"]}}],"collection":[{"href":"https:\/\/www.ringen-mv.de\/index.php?rest_route=\/wp\/v2\/posts"}],"about":[{"href":"https:\/\/www.ringen-mv.de\/index.php?rest_route=\/wp\/v2\/types\/post"}],"author":[{"embeddable":true,"href":"https:\/\/www.ringen-mv.de\/index.php?rest_route=\/wp\/v2\/users\/2"}],"replies":[{"embeddable":true,"href":"https:\/\/www.ringen-mv.de\/index.php?rest_route=%2Fwp%2Fv2%2Fcomments&post=3624"}],"version-history":[{"count":3,"href":"https:\/\/www.ringen-mv.de\/index.php?rest_route=\/wp\/v2\/posts\/3624\/revisions"}],"predecessor-version":[{"id":3627,"href":"https:\/\/www.ringen-mv.de\/index.php?rest_route=\/wp\/v2\/posts\/3624\/revisions\/3627"}],"wp:featuredmedia":[{"embeddable":true,"href":"https:\/\/www.ringen-mv.de\/index.php?rest_route=\/wp\/v2\/media\/2362"}],"wp:attachment":[{"href":"https:\/\/www.ringen-mv.de\/index.php?rest_route=%2Fwp%2Fv2%2Fmedia&parent=3624"}],"wp:term":[{"taxonomy":"category","embeddable":true,"href":"https:\/\/www.ringen-mv.de\/index.php?rest_route=%2Fwp%2Fv2%2Fcategories&post=3624"},{"taxonomy":"post_tag","embeddable":true,"href":"https:\/\/www.ringen-mv.de\/index.php?rest_route=%2Fwp%2Fv2%2Ftags&post=3624"}],"curies":[{"name":"wp","href":"https:\/\/api.w.org\/{rel}","templated":true}]}}