{"id":3658,"date":"2015-06-08T08:43:05","date_gmt":"2015-06-08T06:43:05","guid":{"rendered":"http:\/\/www.sav-torgelow-ringen.de\/RV%20MV2\/wordpress_341-de\/wordpress\/?p=3658"},"modified":"2015-07-15T09:21:28","modified_gmt":"2015-07-15T07:21:28","slug":"25-verbandsjubilaeum","status":"publish","type":"post","link":"https:\/\/www.ringen-mv.de\/?p=3658","title":{"rendered":"Feier abgesagt &#8211; 25. Verbandsjubil\u00e4um"},"content":{"rendered":"<p style=\"text-align: justify\"><a href=\"http:\/\/www.ringen-mv.de\/wp-content\/uploads\/2013\/11\/logo-mv.png\"><img loading=\"lazy\" decoding=\"async\" class=\"alignleft size-full wp-image-2366\" src=\"http:\/\/www.ringen-mv.de\/wp-content\/uploads\/2013\/11\/logo-mv.png\" alt=\"logo-mv\" width=\"150\" height=\"150\" \/><\/a>Der Ringerverband Mecklenburg-Vorpommern wurde vor nunmehr 25 Jahren gegr\u00fcndet. Dieses Verbandsjubil\u00e4um soll bei einem Festabend angemessen gew\u00fcrdigt werden.<br \/>\n<del>Hierzu laden wir Euch, am Samstag den 22. August 2015 Beginn 17.00 Uhr, recht herzlich ein. Die Feier findet in 18107 Elmenhorst, im Gemeindezentrum, Gewerbeallee 45 statt.<\/del><br \/>\nWir haben nur sehr wenige R\u00fcckmeldungen betreffs Teilnahme an der Feier zu unserem Verbandsjubil\u00e4um bekommen.<br \/>\nLeider m\u00fcssen wir deshalb diese Feier am 22.08. in Elmenhorst absagen.<br \/>\nWir werden versuchen eine Feier\/Feierstunde an einem anderen Termin nachzuholen.<br \/>\nWeitere Infos hierzu folgen an dieser Stelle.<\/p>\n","protected":false},"excerpt":{"rendered":"<p>Der Ringerverband Mecklenburg-Vorpommern wurde vor nunmehr 25 Jahren gegr\u00fcndet. Dieses Verbandsjubil\u00e4um soll bei einem Festabend angemessen gew\u00fcrdigt werden. Hierzu laden wir Euch, am Samstag den 22. August 2015 Beginn 17.00 Uhr, recht herzlich ein. Die Feier findet in 18107 Elmenhorst, im Gemeindezentrum, Gewerbeallee 45 statt. Wir haben nur<\/p>\n","protected":false},"author":2,"featured_media":0,"comment_status":"open","ping_status":"open","sticky":false,"template":"","format":"standard","meta":{"footnotes":""},"categories":[1],"tags":[],"class_list":["post-3658","post","type-post","status-publish","format-standard","hentry","category-allgemein"],"_links":{"self":[{"href":"https:\/\/www.ringen-mv.de\/index.php?rest_route=\/wp\/v2\/posts\/3658","targetHints":{"allow":["GET"]}}],"collection":[{"href":"https:\/\/www.ringen-mv.de\/index.php?rest_route=\/wp\/v2\/posts"}],"about":[{"href":"https:\/\/www.ringen-mv.de\/index.php?rest_route=\/wp\/v2\/types\/post"}],"author":[{"embeddable":true,"href":"https:\/\/www.ringen-mv.de\/index.php?rest_route=\/wp\/v2\/users\/2"}],"replies":[{"embeddable":true,"href":"https:\/\/www.ringen-mv.de\/index.php?rest_route=%2Fwp%2Fv2%2Fcomments&post=3658"}],"version-history":[{"count":5,"href":"https:\/\/www.ringen-mv.de\/index.php?rest_route=\/wp\/v2\/posts\/3658\/revisions"}],"predecessor-version":[{"id":3726,"href":"https:\/\/www.ringen-mv.de\/index.php?rest_route=\/wp\/v2\/posts\/3658\/revisions\/3726"}],"wp:attachment":[{"href":"https:\/\/www.ringen-mv.de\/index.php?rest_route=%2Fwp%2Fv2%2Fmedia&parent=3658"}],"wp:term":[{"taxonomy":"category","embeddable":true,"href":"https:\/\/www.ringen-mv.de\/index.php?rest_route=%2Fwp%2Fv2%2Fcategories&post=3658"},{"taxonomy":"post_tag","embeddable":true,"href":"https:\/\/www.ringen-mv.de\/index.php?rest_route=%2Fwp%2Fv2%2Ftags&post=3658"}],"curies":[{"name":"wp","href":"https:\/\/api.w.org\/{rel}","templated":true}]}}