{"id":3684,"date":"2015-07-01T03:37:12","date_gmt":"2015-07-01T01:37:12","guid":{"rendered":"http:\/\/www.sav-torgelow-ringen.de\/RV%20MV2\/wordpress_341-de\/wordpress\/?p=3684"},"modified":"2015-07-01T03:37:49","modified_gmt":"2015-07-01T01:37:49","slug":"luebtheener-ringer-auf-heimischen-matten-ganz-klar-vorn","status":"publish","type":"post","link":"https:\/\/www.ringen-mv.de\/?p=3684","title":{"rendered":"L\u00fcbtheener Ringer auf heimischen Matten ganz klar vorn"},"content":{"rendered":"<p style=\"text-align: justify;\">Am Samstag fand endlich das lang ersehnte Sommerfest des RV L\u00fcbtheen in der Hans-Oldag-Halle statt. Den Auftakt machten die Nachwuchsringer mit den Kreis Kinder- und Jugendsportspielen.<\/p>\n<p style=\"text-align: justify;\"><!--more--><\/p>\n<p style=\"text-align: justify;\">Mangels entsprechender Konkurrenz auf Kreisebene luden die L\u00fcbtheener befreundete Vereine aus Mecklenburg- Vorpommern und Brandenburg ein. Der PSV Rostock, PSV Schwerin, sowie der ESV Wittenberge nahmen an den diesj\u00e4hrigen Kreis Kinder-und Jugendsportspielen teil.<\/p>\n<p style=\"text-align: justify;\">Insgesamt 43 Teilnehmer der C, -D,- und E-Jugend k\u00e4mpften auf 2 Matten im Freistil um den Sieg.<\/p>\n<p style=\"text-align: justify;\">Die gastgebenden Lindenst\u00e4dter stellten mit 28 Nachwuchsringern erwartungsgem\u00e4\u00df das gr\u00f6\u00dfte Teilnehmerfeld. F\u00fcr den ein oder anderen ging es bei diesem Turnier um erste Mattenerfahrungen, sowie die Hoffnung auf die erste Medaille und Urkunde.<\/p>\n<p style=\"text-align: justify;\">Am Ende des Turniers lautete es auf L\u00fcbtheener Seite 12x Gold, 8x Silber, 7x Bronze und damit klar Platz 1 der Mannschaftswertung. Ein Ergebnis, welches nicht nur das Trainerteam , sondern auch die Eltern und Verwandten der jungen Sportler stolz machte.<\/p>\n<p style=\"text-align: justify;\">Auf dem 2. Platz folgte der PSV Rostock, Dritter wurde der PSV Schwerin und auf dem 4. Platz landeten die Brandenburger Nachwuchsringer des ESV Wittenberge.<\/p>\n<p style=\"text-align: justify;\">Ab 14:00 Uhr fasste der Cheftrainer trotz Wolkenbruchs das erste absolvierte Halbjahr zusammen und hob H\u00f6hepunkte und die besten Ergebnisse einzelner Sportler besonders hervor. Jeder Nachwuchssportler des RV L\u00fcbtheen erhielt als Erinnerung an diesen Tag ein gerahmtes Foto der jungen Ringer.<\/p>\n<p style=\"text-align: justify;\">Anschlie\u00dfend konnten sich die Kinder auf der H\u00fcpfburg austoben, es gab sogar ein Schie\u00dfstand und Kinderschminken. F\u00fcr alle stand zur St\u00e4rkung ein umfangreiches Kuchenbuffet bereit, es gab eine Wurst vom Grill und sogar Kn\u00fcppelkuchen konnten die Kinder \u00fcber offenem Feuer backen.<\/p>\n<p style=\"text-align: justify;\">Am Abend lag der Fokus wieder ganz beim Ringkampf. Es fand ein Freundschaftskampf zwischen dem Bundesligateam und der Kampfgemeinschaft Vorpommern statt und bot somit einen Vorgeschmack auf die im September beginnende Saison der M\u00e4nner.<\/p>\n<p style=\"text-align: justify;\">Noch bevor die Sportler zum Freundschaftskampf antraten, traf man sich mit dem Gegner in der Trainingshalle der L\u00fcbtheener Ringer zum gemeinsamen Training. Dieser setzte sich \u00fcbrigens aus Ringern des Greifswalder RV, des SAV Torgelow und Nachwuchssportlern des RV L\u00fcbtheen zusammen. Bei der schwei\u00dftreibenden Trainingseinheit unter Anleitung des RVL-Trainers Jens-Peter Sievertsen kam der Spa\u00df auch nicht zu kurz. Alle Sportler hatten sichtlich Freude und gerade die J\u00fcngeren konnten sich bei den erfahrenen Ringern des Bundesligateams die eine oder andere Technik abgucken.<\/p>\n<p style=\"text-align: justify;\">Nach der etwa 2-st\u00fcndigen Einheit traten die Sportler dann in einem Freundschaftskampf vor etwa 150 Zuschauern auf die Matte. Im Greifwalder Team ging im \u00dcbrigen ein Highschoolringer aus den USA, der derzeitig ein Austauschjahr in der Hansestadt verbringt, mit an den Start. Nach sieben Begegnungen stand es 16:8 f\u00fcr das Bundesligateam, wobei es an diesem Abend nicht vorrangig auf das Ergebnis ankam. Nach diesem rundum gelungenen Tag freuen sich Ringer und G\u00e4ste auf die anstehende Bundesligasaison die in L\u00fcbtheen am 12. September gegen den RSV Greiz startet.<\/p>\n<ul>\n<li><a href=\"http:\/\/www.ringen-luebtheen.de\/?p=4819\" target=\"_blank\">Bilder<\/a><\/li>\n<\/ul>\n","protected":false},"excerpt":{"rendered":"<p>Am Samstag fand endlich das lang ersehnte Sommerfest des RV L\u00fcbtheen in der Hans-Oldag-Halle statt. Den Auftakt machten die Nachwuchsringer mit den Kreis Kinder- und Jugendsportspielen.<\/p>\n","protected":false},"author":1,"featured_media":0,"comment_status":"open","ping_status":"open","sticky":false,"template":"","format":"standard","meta":{"footnotes":""},"categories":[4,12,14],"tags":[],"class_list":["post-3684","post","type-post","status-publish","format-standard","hentry","category-lubtheen","category-rostock","category-schwerin"],"_links":{"self":[{"href":"https:\/\/www.ringen-mv.de\/index.php?rest_route=\/wp\/v2\/posts\/3684","targetHints":{"allow":["GET"]}}],"collection":[{"href":"https:\/\/www.ringen-mv.de\/index.php?rest_route=\/wp\/v2\/posts"}],"about":[{"href":"https:\/\/www.ringen-mv.de\/index.php?rest_route=\/wp\/v2\/types\/post"}],"author":[{"embeddable":true,"href":"https:\/\/www.ringen-mv.de\/index.php?rest_route=\/wp\/v2\/users\/1"}],"replies":[{"embeddable":true,"href":"https:\/\/www.ringen-mv.de\/index.php?rest_route=%2Fwp%2Fv2%2Fcomments&post=3684"}],"version-history":[{"count":2,"href":"https:\/\/www.ringen-mv.de\/index.php?rest_route=\/wp\/v2\/posts\/3684\/revisions"}],"predecessor-version":[{"id":3686,"href":"https:\/\/www.ringen-mv.de\/index.php?rest_route=\/wp\/v2\/posts\/3684\/revisions\/3686"}],"wp:attachment":[{"href":"https:\/\/www.ringen-mv.de\/index.php?rest_route=%2Fwp%2Fv2%2Fmedia&parent=3684"}],"wp:term":[{"taxonomy":"category","embeddable":true,"href":"https:\/\/www.ringen-mv.de\/index.php?rest_route=%2Fwp%2Fv2%2Fcategories&post=3684"},{"taxonomy":"post_tag","embeddable":true,"href":"https:\/\/www.ringen-mv.de\/index.php?rest_route=%2Fwp%2Fv2%2Ftags&post=3684"}],"curies":[{"name":"wp","href":"https:\/\/api.w.org\/{rel}","templated":true}]}}