{"id":3731,"date":"2015-07-28T12:14:17","date_gmt":"2015-07-28T10:14:17","guid":{"rendered":"http:\/\/www.sav-torgelow-ringen.de\/RV%20MV2\/wordpress_341-de\/wordpress\/?p=3731"},"modified":"2015-07-28T12:14:17","modified_gmt":"2015-07-28T10:14:17","slug":"biederstaedt-startet-bei-em-in-serbien","status":"publish","type":"post","link":"https:\/\/www.ringen-mv.de\/?p=3731","title":{"rendered":"Biederst\u00e4dt startet bei EM in Serbien"},"content":{"rendered":"<p style=\"text-align: justify;\"><a href=\"http:\/\/www.ringen-mv.de\/wp-content\/uploads\/2015\/04\/rv-l\u00fcbtheen-biederst\u00e4dt-deutscher-meister-2015-226x3001.png\"><img loading=\"lazy\" decoding=\"async\" class=\" size-thumbnail wp-image-3585 alignleft\" src=\"http:\/\/www.ringen-mv.de\/wp-content\/uploads\/2015\/04\/rv-l\u00fcbtheen-biederst\u00e4dt-deutscher-meister-2015-226x3001-150x150.png\" alt=\"rv-l\u00fcbtheen-biederst\u00e4dt-deutscher-meister-2015-226x300\" width=\"150\" height=\"150\" srcset=\"https:\/\/www.ringen-mv.de\/wp-content\/uploads\/2015\/04\/rv-l\u00fcbtheen-biederst\u00e4dt-deutscher-meister-2015-226x3001-150x150.png 150w, https:\/\/www.ringen-mv.de\/wp-content\/uploads\/2015\/04\/rv-l\u00fcbtheen-biederst\u00e4dt-deutscher-meister-2015-226x3001-75x75.png 75w, https:\/\/www.ringen-mv.de\/wp-content\/uploads\/2015\/04\/rv-l\u00fcbtheen-biederst\u00e4dt-deutscher-meister-2015-226x3001.png 226w\" sizes=\"auto, (max-width: 150px) 100vw, 150px\" \/><\/a>Das hat es bei den L\u00fcbtheener Ringern schon seit langem nicht mehr gegeben \u2013 erstmalig nach der Wende startet wieder ein Ringkampfsportler aus der Lindenstadt bei einer internationalen Meisterschaft. Der erst 16-J\u00e4hrige Alexander Biederst\u00e4dt wurde vom Deutschen Nachwuchsnationaltrainer J\u00fcrgen Scheibe f\u00fcr die zwischen dem 04. \u2013 09. August, in Subotica (Serbien), stattfindende Europameisterschaft der Kadetten nominiert.<\/p>\n<p style=\"text-align: justify;\"><!--more--><\/p>\n<p style=\"text-align: justify;\">Ausschlaggebend f\u00fcr die Berufung ins Nationalteam waren die kontinuierlichen guten Leistungen Alexanders in den letzten Monaten und Wochen. Bereits im April erk\u00e4mpfte er sich in Mainz \u00fcberragend die Goldmedaille bei der Deutschen Meisterschaft. Dadurch positiv motiviert setzte sich Alex auch bei internationalen Qualifikationsturnieren gegen die starke Konkurrenz, insbesondere aus Osteuropa, durch. Zun\u00e4chst musste er sich mit einem 5. Platz beim Brandenburg-Cup zufrieden geben, worauf er dann bei den offenen polnischen Meistershaften sowie bei den Baltic Sea Youth Games jeweils mit Bronze gl\u00e4nzte und sich somit endg\u00fcltig f\u00fcr den Bundestrainer empfehlen konnte.<\/p>\n<p style=\"text-align: justify;\">Alexander wird in Subotica in der Gewichtsklasse bis 85 Kg antreten. Seine Kontrahenten, die \u00fcberwiegend aus der Schweiz, Wei\u00dfrussland und Russland kommen, kennt er bereits von vielen internationalen Wettk\u00e4mpfen. Da er zu den J\u00fcngsten seiner Altersklasse z\u00e4hlt, geht es f\u00fcr ihn zun\u00e4chst darum, Erfahrungen zu sammeln und sich k\u00e4mpferisch weiterzuentwickeln. Trotz dessen verfolgt der L\u00fcbtheener das ehrgeizige Ziel, sich unter den Top 5 zu platzieren und sich damit auch f\u00fcr die bevorstehende Weltmeisterschaft zu empfehlen.<\/p>\n<p style=\"text-align: justify;\">Viel Zeit, die Schulferien zu genie\u00dfen, bleibt Alex daher nicht. Nachdem er sich in der vergangen Woche bei einem Trainingslager in Leipzig mit dem Deutschen Nationalteam (inklusive Laktattest und Dopingkontrolle) auf die EM vorbereitete, geht es in der kommenden Woche im Leistungsst\u00fctzpunkt Luckenwalde mit dem Training weiter, um an den letzten technischen Feinheiten zu arbeiten.<\/p>\n","protected":false},"excerpt":{"rendered":"<p>Das hat es bei den L\u00fcbtheener Ringern schon seit langem nicht mehr gegeben \u2013 erstmalig nach der Wende startet wieder ein Ringkampfsportler aus der Lindenstadt bei einer internationalen Meisterschaft. Der erst 16-J\u00e4hrige Alexander Biederst\u00e4dt wurde vom Deutschen Nachwuchsnationaltrainer J\u00fcrgen Scheibe f\u00fcr die zwischen dem 04. \u2013 09. August,<\/p>\n","protected":false},"author":1,"featured_media":0,"comment_status":"open","ping_status":"open","sticky":false,"template":"","format":"standard","meta":{"footnotes":""},"categories":[4],"tags":[],"class_list":["post-3731","post","type-post","status-publish","format-standard","hentry","category-lubtheen"],"_links":{"self":[{"href":"https:\/\/www.ringen-mv.de\/index.php?rest_route=\/wp\/v2\/posts\/3731","targetHints":{"allow":["GET"]}}],"collection":[{"href":"https:\/\/www.ringen-mv.de\/index.php?rest_route=\/wp\/v2\/posts"}],"about":[{"href":"https:\/\/www.ringen-mv.de\/index.php?rest_route=\/wp\/v2\/types\/post"}],"author":[{"embeddable":true,"href":"https:\/\/www.ringen-mv.de\/index.php?rest_route=\/wp\/v2\/users\/1"}],"replies":[{"embeddable":true,"href":"https:\/\/www.ringen-mv.de\/index.php?rest_route=%2Fwp%2Fv2%2Fcomments&post=3731"}],"version-history":[{"count":1,"href":"https:\/\/www.ringen-mv.de\/index.php?rest_route=\/wp\/v2\/posts\/3731\/revisions"}],"predecessor-version":[{"id":3732,"href":"https:\/\/www.ringen-mv.de\/index.php?rest_route=\/wp\/v2\/posts\/3731\/revisions\/3732"}],"wp:attachment":[{"href":"https:\/\/www.ringen-mv.de\/index.php?rest_route=%2Fwp%2Fv2%2Fmedia&parent=3731"}],"wp:term":[{"taxonomy":"category","embeddable":true,"href":"https:\/\/www.ringen-mv.de\/index.php?rest_route=%2Fwp%2Fv2%2Fcategories&post=3731"},{"taxonomy":"post_tag","embeddable":true,"href":"https:\/\/www.ringen-mv.de\/index.php?rest_route=%2Fwp%2Fv2%2Ftags&post=3731"}],"curies":[{"name":"wp","href":"https:\/\/api.w.org\/{rel}","templated":true}]}}