{"id":3738,"date":"2015-08-05T08:47:05","date_gmt":"2015-08-05T06:47:05","guid":{"rendered":"http:\/\/www.sav-torgelow-ringen.de\/RV%20MV2\/wordpress_341-de\/wordpress\/?p=3738"},"modified":"2015-08-05T08:54:27","modified_gmt":"2015-08-05T06:54:27","slug":"kadetten-em-alexander-biederstaedt-leider-ausgeschieden","status":"publish","type":"post","link":"https:\/\/www.ringen-mv.de\/?p=3738","title":{"rendered":"Kadetten EM &#8211; Alexander Biederst\u00e4dt leider ausgeschieden"},"content":{"rendered":"<p style=\"text-align: justify\">Subotica \u2013 Ohne deutsche Beteiligung fanden die Finalk\u00e4mpfe am ersten Tag der Kadetten-Europameisterschaften im serbischen Subotica statt. Alle f\u00fcnf deutschen Starter schieden vorzeitig aus. Einer Medaille noch am n\u00e4chsten kam Adrian Wolny (58 kg\/TSV Gailbach), der allerdings in seinem zweiten Hoffnungsrundenduell dem Russen Ivrii Arakelian klar unterlag, Platz 7 damit f\u00fcr den besten deutschen Freistil-Ringer des ersten EM-Tages.<br \/>\n<!--more--><br \/>\nDabei begann es f\u00fcr die Sch\u00fctzlinge um Nachwuchs-Bundestrainer J\u00fcrgen Scheibe am Dienstagmorgen noch ganz gut, Wolny bezwang Gytis Jovaisa (LTU) mit 14:3 Punkten, wurde im Achtelfinale jedoch vom sp\u00e4teren Finalisten Muaammer Kilic (TUR) nach wenigen Sekunden der ersten Runde, im Bodenkampf gestoppt. Im ersten Hoffnungsrunden-Duell gelang Adrian Wolny ein Sieg \u00fcber den Ungarn Jozsef Laszlo, ehe das Aus gegen Arakelian kam.<\/p>\n<p style=\"text-align: justify\">Auch Julian Gebhard (69 kg\/SC Unterf\u00f6hring) begann hoffnungsvoll, gewann gegen den Lokalmatadoren Stevan Markovic (SRB) durch einen Schultersieg noch in Runde eins. Doch im Achtelfinale fand Gebhard gegen den Griechen Theodoros Idsifidis kein technisches Mittel und schied mit 1:6 Punkten aus, da der Grieche das Finale verfehlte. Immerhin Platz 8 f\u00fcr den bayerischen Ringer.<br \/>\nDen ersten Kampf brachte auch David Brenn (50 kg\/KSV Tennenbronn) mit 6:2 Punkten gegen Ernest Dorosz (POL) &#8217;nach Hause&#8216;, im Achtelfinale scheiterte Brenn am k\u00f6rperlich st\u00e4rkeren Ertugrul Khaveci (TUR) vorzeitig mit 0:10 Wertungspunkten. Der T\u00fcrke unterlag im Halbfinale und so blieb David Brenn der Weg \u00fcber die Hoffnungsrunde verwehrt.<\/p>\n<p style=\"text-align: justify\"><strong>Alexander Biederst\u00e4dt<\/strong> (85 kg\/RV L\u00fcbtheen) verlor gleich seinen ersten Kampf gegen den sp\u00e4teren Dritten Mantas Adomaitis (LTU) und schied damit bereits aus, da auch Adomaitis das Finale verfehlte.<br \/>\nDas gleiche Los ereilte Nico Megerle (KSV Hofstetten) im leichtesten Limit bis 42 kg, der gegen Panayot Dimitrov (BUL) ungl\u00fccklich mit 3:4 Wertungspunkten unterlag und ebenfalls bereits nach dem ersten Kampf aus dem Rennen war, da der Bulgare bereits einen Kampf sp\u00e4ter wbwnfalls unterlag.<\/p>\n<p style=\"text-align: justify\">Am heutigen Mittwoch treten Horst Lehr (46 kg7VfK Schifferstadt), Sebastian Schmidt (54 kg\/KSV Schriesheim), Tim Baur (63 kg\/ASV Nendingen) und Dominik Klann (100 kg\/KAV Mansfelder Land) auf die Matte, bevor ab Donnerstag die jungen Damen die Regie der EM \u00fcbernehmen.<\/p>\n<p>J\u00f6rg Richter<\/p>\n","protected":false},"excerpt":{"rendered":"<p>Subotica \u2013 Ohne deutsche Beteiligung fanden die Finalk\u00e4mpfe am ersten Tag der Kadetten-Europameisterschaften im serbischen Subotica statt. Alle f\u00fcnf deutschen Starter schieden vorzeitig aus. Einer Medaille noch am n\u00e4chsten kam Adrian Wolny (58 kg\/TSV Gailbach), der allerdings in seinem zweiten Hoffnungsrundenduell dem Russen Ivrii Arakelian klar unterlag, Platz<\/p>\n","protected":false},"author":2,"featured_media":3747,"comment_status":"open","ping_status":"open","sticky":false,"template":"","format":"standard","meta":{"footnotes":""},"categories":[4],"tags":[],"class_list":["post-3738","post","type-post","status-publish","format-standard","has-post-thumbnail","hentry","category-lubtheen"],"_links":{"self":[{"href":"https:\/\/www.ringen-mv.de\/index.php?rest_route=\/wp\/v2\/posts\/3738","targetHints":{"allow":["GET"]}}],"collection":[{"href":"https:\/\/www.ringen-mv.de\/index.php?rest_route=\/wp\/v2\/posts"}],"about":[{"href":"https:\/\/www.ringen-mv.de\/index.php?rest_route=\/wp\/v2\/types\/post"}],"author":[{"embeddable":true,"href":"https:\/\/www.ringen-mv.de\/index.php?rest_route=\/wp\/v2\/users\/2"}],"replies":[{"embeddable":true,"href":"https:\/\/www.ringen-mv.de\/index.php?rest_route=%2Fwp%2Fv2%2Fcomments&post=3738"}],"version-history":[{"count":8,"href":"https:\/\/www.ringen-mv.de\/index.php?rest_route=\/wp\/v2\/posts\/3738\/revisions"}],"predecessor-version":[{"id":3748,"href":"https:\/\/www.ringen-mv.de\/index.php?rest_route=\/wp\/v2\/posts\/3738\/revisions\/3748"}],"wp:featuredmedia":[{"embeddable":true,"href":"https:\/\/www.ringen-mv.de\/index.php?rest_route=\/wp\/v2\/media\/3747"}],"wp:attachment":[{"href":"https:\/\/www.ringen-mv.de\/index.php?rest_route=%2Fwp%2Fv2%2Fmedia&parent=3738"}],"wp:term":[{"taxonomy":"category","embeddable":true,"href":"https:\/\/www.ringen-mv.de\/index.php?rest_route=%2Fwp%2Fv2%2Fcategories&post=3738"},{"taxonomy":"post_tag","embeddable":true,"href":"https:\/\/www.ringen-mv.de\/index.php?rest_route=%2Fwp%2Fv2%2Ftags&post=3738"}],"curies":[{"name":"wp","href":"https:\/\/api.w.org\/{rel}","templated":true}]}}