{"id":3752,"date":"2015-08-06T17:08:33","date_gmt":"2015-08-06T15:08:33","guid":{"rendered":"http:\/\/www.sav-torgelow-ringen.de\/RV%20MV2\/wordpress_341-de\/wordpress\/?p=3752"},"modified":"2015-08-06T17:08:33","modified_gmt":"2015-08-06T15:08:33","slug":"haus-des-sportes-in-warnemuende-schliesst","status":"publish","type":"post","link":"https:\/\/www.ringen-mv.de\/?p=3752","title":{"rendered":"Haus des Sportes in Warnem\u00fcnde schlie\u00dft"},"content":{"rendered":"<p style=\"text-align: justify;\">Am 31.7.2015 ist Schluss \u2013 Dann schlie\u00dft das legend\u00e4re Haus des Sportes in Warnem\u00fcnde<\/p>\n<p style=\"text-align: justify;\">F\u00fcr etliche Generationen von Sportlern des SV Warnem\u00fcnde e.V. ( vor der politischen Wende besser als BSG Motor Warnowwerft bekannt\/an dieser Stelle sei der Hinweis gestattet ) war es \u00fcber viele Jahre Trainingsdomizil und Heimstatt zugleich und besa\u00df nicht nur unter den einheimischen Sportlern Kultstatus. F\u00fcr die Abteilung Ringen des SV Warnem\u00fcnde e.V. 1949 hat alles in diesem Haus begonnen.<\/p>\n<p style=\"text-align: justify;\"><!--more--><\/p>\n<p style=\"text-align: justify;\">In der Sporthalle wurde unser Training abgehalten und fanden mitrei\u00dfende Mannschaftsk\u00e4mpfe in der damaligen DDR \u2013 Oberliga und \u2013 Liga statt.<\/p>\n<p style=\"text-align: justify;\">Vor entscheidenden K\u00e4mpfen \u00fcbernachteten die jeweiligen Mannschaften sogar gemeinsam in den G\u00e4stezimmern des Hauses, damit am n\u00e4chsten Tag auch jeder sein Gewicht brachte und der Trainer die Gewissheit hatte, dass seine \u201eSch\u00e4fchen\u201c ausgeruht zum Kampf antraten.<\/p>\n<p style=\"text-align: justify;\">Denn diese Zimmer waren ansonsten ausw\u00e4rtigen Mannschaften und G\u00e4sten vorbehalten. Hier wurde die Voraussetzung daf\u00fcr geschaffen, dass wir uns zu einer der erfolgreichsten Abteilungen im Osten Deutschlands entwickelten.<\/p>\n<p style=\"text-align: justify;\">Wir haben uns in diesem Hause ein eigenes Klubzimmer geschaffen und mit Erlaubnis in Eigeninitiative eine f\u00fcr unsere Sportart unabdingbar notwendige Sauna eingebaut, die wir in unserer neuen Sporthalle schmerzlich vermissen werden.<\/p>\n<p style=\"text-align: justify;\">Der Zahn der Zeit hat daf\u00fcr gesorgt, dass ein zeitgem\u00e4\u00dfer Sportbetrieb in unserem guten alten Kasten nicht mehr m\u00f6glich ist und ein Neubau her musste. Dieser soll jetzt vollendet werden, aber unsere Abteilung geht mit gemischten Gef\u00fchlen dem Umzug entgegen.<\/p>\n<p style=\"text-align: justify;\">Dieser Argwohn betrifft nicht die wunderbare Sportanlage, die dort entstanden ist. &#8211; Nein es geht um die Arbeit mit unserem Nachwuchs, die beim Ringen doch sehr auf den Einzelnen ausgerichtet ist. Bei einer angestrebten maximalen Auslastung der Halle ist eine gleichzeitige Mehrfachbelegung der Halle durch Aktive mehrerer Sportarten unumg\u00e4nglich, aber die sicherlich entstehende Unruhe f\u00fchrt doch zu entspr. Konzentrationsm\u00e4ngeln f\u00fcr alle Beteiligten.<\/p>\n<p style=\"text-align: justify;\">Nichts desto trotz haben wir am Freitag, den 17.07.2015 unsere letzte Trainingseinheit abgehalten und uns danach mit vielen \u201eEhemaligen\u201c z\u00fcnftig und unter Tr\u00e4nen von unserer alten Trutzburg verabschiedet. \u2013 Leb wohl altes Haus!!!<\/p>\n","protected":false},"excerpt":{"rendered":"<p>Am 31.7.2015 ist Schluss \u2013 Dann schlie\u00dft das legend\u00e4re Haus des Sportes in Warnem\u00fcnde F\u00fcr etliche Generationen von Sportlern des SV Warnem\u00fcnde e.V. ( vor der politischen Wende besser als BSG Motor Warnowwerft bekannt\/an dieser Stelle sei der Hinweis gestattet ) war es \u00fcber viele Jahre Trainingsdomizil und<\/p>\n","protected":false},"author":1,"featured_media":2369,"comment_status":"open","ping_status":"open","sticky":false,"template":"","format":"standard","meta":{"footnotes":""},"categories":[17],"tags":[],"class_list":["post-3752","post","type-post","status-publish","format-standard","has-post-thumbnail","hentry","category-warnemunde"],"_links":{"self":[{"href":"https:\/\/www.ringen-mv.de\/index.php?rest_route=\/wp\/v2\/posts\/3752","targetHints":{"allow":["GET"]}}],"collection":[{"href":"https:\/\/www.ringen-mv.de\/index.php?rest_route=\/wp\/v2\/posts"}],"about":[{"href":"https:\/\/www.ringen-mv.de\/index.php?rest_route=\/wp\/v2\/types\/post"}],"author":[{"embeddable":true,"href":"https:\/\/www.ringen-mv.de\/index.php?rest_route=\/wp\/v2\/users\/1"}],"replies":[{"embeddable":true,"href":"https:\/\/www.ringen-mv.de\/index.php?rest_route=%2Fwp%2Fv2%2Fcomments&post=3752"}],"version-history":[{"count":1,"href":"https:\/\/www.ringen-mv.de\/index.php?rest_route=\/wp\/v2\/posts\/3752\/revisions"}],"predecessor-version":[{"id":3753,"href":"https:\/\/www.ringen-mv.de\/index.php?rest_route=\/wp\/v2\/posts\/3752\/revisions\/3753"}],"wp:featuredmedia":[{"embeddable":true,"href":"https:\/\/www.ringen-mv.de\/index.php?rest_route=\/wp\/v2\/media\/2369"}],"wp:attachment":[{"href":"https:\/\/www.ringen-mv.de\/index.php?rest_route=%2Fwp%2Fv2%2Fmedia&parent=3752"}],"wp:term":[{"taxonomy":"category","embeddable":true,"href":"https:\/\/www.ringen-mv.de\/index.php?rest_route=%2Fwp%2Fv2%2Fcategories&post=3752"},{"taxonomy":"post_tag","embeddable":true,"href":"https:\/\/www.ringen-mv.de\/index.php?rest_route=%2Fwp%2Fv2%2Ftags&post=3752"}],"curies":[{"name":"wp","href":"https:\/\/api.w.org\/{rel}","templated":true}]}}