{"id":3763,"date":"2015-08-08T19:02:46","date_gmt":"2015-08-08T17:02:46","guid":{"rendered":"http:\/\/www.sav-torgelow-ringen.de\/RV%20MV2\/wordpress_341-de\/wordpress\/?p=3763"},"modified":"2015-08-09T18:52:30","modified_gmt":"2015-08-09T16:52:30","slug":"kadetten-em-andrej-ginc-im-finale","status":"publish","type":"post","link":"https:\/\/www.ringen-mv.de\/?p=3763","title":{"rendered":"Kadetten EM \u2013 Andrej Ginc im Finale"},"content":{"rendered":"<div>\n<div>\n<div>\n<div>\n<div>\n<div style=\"text-align: justify;\"><a href=\"http:\/\/www.ringen-mv.de\/wp-content\/uploads\/2015\/08\/Ginc-GEO-Jubel.jpg\"><img loading=\"lazy\" decoding=\"async\" class=\"alignleft wp-image-3764\" src=\"http:\/\/www.ringen-mv.de\/wp-content\/uploads\/2015\/08\/Ginc-GEO-Jubel.jpg\" alt=\"Ginc-GEO-Jubel\" width=\"139\" height=\"200\" srcset=\"https:\/\/www.ringen-mv.de\/wp-content\/uploads\/2015\/08\/Ginc-GEO-Jubel.jpg 445w, https:\/\/www.ringen-mv.de\/wp-content\/uploads\/2015\/08\/Ginc-GEO-Jubel-209x300.jpg 209w\" sizes=\"auto, (max-width: 139px) 100vw, 139px\" \/><\/a>Subotica &#8211; Bei den Europameisterschaften der Kadetten in Subotica (Serbien) hat Andre Ginc (54 kg\/SAV Torgelow) das Finale erreicht. Mit einem 9:7-&#8218;Kampfsieg&#8216; \u00fcber den Weltmeister des Vorjahres Joni Khetsuriani (GEO) schaffte der Sch\u00fctzling von Trainer Heinz Thiel, der ihn im Leistungszentrum Frankfurt\/O. betreut, den Sprung in den Endkampf um Gold.<\/div>\n<\/div>\n<\/div>\n<\/div>\n<\/div>\n<\/div>\n<div style=\"text-align: justify;\"><\/div>\n<div style=\"text-align: justify;\"><!--more--><\/div>\n<div>\n<div>\n<div>\n<div style=\"text-align: justify;\"><\/div>\n<div style=\"text-align: justify;\">\n<div>\n<p>Auf dem Weg ins Finale bezwang Andrej Ginc Dimitrios Kouplidis (GRE) durch technische \u00dcberlegenheit und warf anschlie\u00dfend auch Jegor Jakovlev (EST) aus dem Rennen.<\/p>\n<\/div>\n<p>Im Halbfinale lag Andrej Ginc gegen den Weltmeister von 2014 Joni Khetsuriani zwei Mal zur\u00fcck, doch der Deutsche Meister vom SAV Torgelow k\u00e4mpfte sich jedoch immer wieder heran. Kurz vor Kampfende gelang dem DRB-Ringer ein Wurf, der mit vier Punkten belohnt wurde- und mit dem sich Andre Ginc ins Finale katapultierte.<\/p>\n<p>Toni Peprny (69 kg\/RVE Lugau) gelang zum Auftakt ein Schultersieg \u00fcber Konstantinos Vachlas (GRE), im Achtelfinale war Peprny gegen\u00a0 den Rum\u00e4nen Samuel Nicu beim 0:8 allerdings chancenlos.<\/p>\n<\/div>\n<div style=\"text-align: justify;\">Tobias Doile (85 kg\/RSV Schonungen) kam zun\u00e4chst nicht mit dem wuchtigen Aserbaidschaner Yashar Zamanov zurecht, lie\u00df sich immer wieder aus der Kampffl\u00e4che abdr\u00e4ngen, was Zamanov einen 6:0-Vorsprung brachte. Erst zum Ende des Kampfes punktete auch Doile, konnte den gro\u00dfen R\u00fcckstand allerdings nicht mehr aufholen.<\/div>\n<div style=\"text-align: justify;\">Ohne Chance war auch Dion Rausch (42 kg\/TSV Gailbach), der im Achtelfinale gegen Aliaksandr Niahoda (BLR) mit 0:8 unterlag und ausschied, da der Wei\u00dfrusse eine Runde sp\u00e4ter ebenfalls verlor und damit das Finale verfehlte.<\/div>\n<div style=\"text-align: justify;\"><\/div>\n<div style=\"text-align: justify;\">J\u00f6rg Richter<\/div>\n<\/div>\n<\/div>\n<\/div>\n<p>&nbsp;<\/p>\n<p>&nbsp;<\/p>\n<p>&nbsp;<\/p>\n<p>&nbsp;<\/p>\n<p>&nbsp;<\/p>\n<p>&nbsp;<\/p>\n","protected":false},"excerpt":{"rendered":"<p>Subotica &#8211; Bei den Europameisterschaften der Kadetten in Subotica (Serbien) hat Andre Ginc (54 kg\/SAV Torgelow) das Finale erreicht. Mit einem 9:7-&#8218;Kampfsieg&#8216; \u00fcber den Weltmeister des Vorjahres Joni Khetsuriani (GEO) schaffte der Sch\u00fctzling von Trainer Heinz Thiel, der ihn im Leistungszentrum Frankfurt\/O. betreut, den Sprung in den Endkampf<\/p>\n","protected":false},"author":2,"featured_media":0,"comment_status":"open","ping_status":"open","sticky":false,"template":"","format":"standard","meta":{"footnotes":""},"categories":[1,8],"tags":[],"class_list":["post-3763","post","type-post","status-publish","format-standard","hentry","category-allgemein","category-torgelow"],"_links":{"self":[{"href":"https:\/\/www.ringen-mv.de\/index.php?rest_route=\/wp\/v2\/posts\/3763","targetHints":{"allow":["GET"]}}],"collection":[{"href":"https:\/\/www.ringen-mv.de\/index.php?rest_route=\/wp\/v2\/posts"}],"about":[{"href":"https:\/\/www.ringen-mv.de\/index.php?rest_route=\/wp\/v2\/types\/post"}],"author":[{"embeddable":true,"href":"https:\/\/www.ringen-mv.de\/index.php?rest_route=\/wp\/v2\/users\/2"}],"replies":[{"embeddable":true,"href":"https:\/\/www.ringen-mv.de\/index.php?rest_route=%2Fwp%2Fv2%2Fcomments&post=3763"}],"version-history":[{"count":8,"href":"https:\/\/www.ringen-mv.de\/index.php?rest_route=\/wp\/v2\/posts\/3763\/revisions"}],"predecessor-version":[{"id":3772,"href":"https:\/\/www.ringen-mv.de\/index.php?rest_route=\/wp\/v2\/posts\/3763\/revisions\/3772"}],"wp:attachment":[{"href":"https:\/\/www.ringen-mv.de\/index.php?rest_route=%2Fwp%2Fv2%2Fmedia&parent=3763"}],"wp:term":[{"taxonomy":"category","embeddable":true,"href":"https:\/\/www.ringen-mv.de\/index.php?rest_route=%2Fwp%2Fv2%2Fcategories&post=3763"},{"taxonomy":"post_tag","embeddable":true,"href":"https:\/\/www.ringen-mv.de\/index.php?rest_route=%2Fwp%2Fv2%2Ftags&post=3763"}],"curies":[{"name":"wp","href":"https:\/\/api.w.org\/{rel}","templated":true}]}}