{"id":3785,"date":"2015-08-11T08:12:26","date_gmt":"2015-08-11T06:12:26","guid":{"rendered":"http:\/\/www.sav-torgelow-ringen.de\/RV%20MV2\/wordpress_341-de\/wordpress\/?p=3785"},"modified":"2015-08-11T08:21:11","modified_gmt":"2015-08-11T06:21:11","slug":"ginc-brueder-bei-kadetten-em-siegreich-andrej-holt-em-silber","status":"publish","type":"post","link":"https:\/\/www.ringen-mv.de\/?p=3785","title":{"rendered":"Ginc Br\u00fcder bei Kadetten EM siegreich, Andrej holt EM-Silber"},"content":{"rendered":"<p style=\"text-align: justify\"><a href=\"http:\/\/www.ringen-mv.de\/wp-content\/uploads\/2015\/08\/Andrej-Ginc-gewinnt-Halbfinale.jpg\"><img loading=\"lazy\" decoding=\"async\" class=\"alignleft size-medium wp-image-3786\" src=\"http:\/\/www.ringen-mv.de\/wp-content\/uploads\/2015\/08\/Andrej-Ginc-gewinnt-Halbfinale-173x300.jpg\" alt=\"Andrej Ginc gewinnt Halbfinale\" width=\"173\" height=\"300\" srcset=\"https:\/\/www.ringen-mv.de\/wp-content\/uploads\/2015\/08\/Andrej-Ginc-gewinnt-Halbfinale-173x300.jpg 173w, https:\/\/www.ringen-mv.de\/wp-content\/uploads\/2015\/08\/Andrej-Ginc-gewinnt-Halbfinale.jpg 346w\" sizes=\"auto, (max-width: 173px) 100vw, 173px\" \/><\/a>Mit gleich 4 Sportlern aus Mecklenburg-Vorpommern im Aufgebot der Kadetten Nationalmannschaften (15-17 Jahre) des Deutschen Ringer-Bundes ging es zu den Europameisterschaften nach Subotica (Serbien).<\/p>\n<p style=\"text-align: justify\">Bei den M\u00e4dels startete Steffi Blohm (70 kg) vom Demminer RV und die hatte es mit Larissa Nitru (ROU) zu tun. Leider unterlag sie ihrer Gegnerin mit 4:10 und da die Rum\u00e4nien im n\u00e4chsten Kampf scheiterte war f\u00fcr Steffi das Turnier damit vorzeitig beendet.<\/p>\n<p style=\"text-align: justify\">\u00c4hnlich erging es Alexander Biederst\u00e4dt (76 kg) vom RV L\u00fcbtheen beim Turnier der Freistiler. Er stand Mantas Adomaitis (LTU) gegen\u00fcber und musste leider eine vorzeitige 0:10 Niederlage hinnehmen. Auch der Litauer scheiterte im n\u00e4chsten Duell und somit durfte Alexander nicht mehr weiterk\u00e4mpfen.<!--more--><\/p>\n<p style=\"text-align: justify\">Dann der Auftritt der Spezialisten im griechisch-r\u00f6mischen Stil. Vom SAV Torgelow waren die beiden Deutschen Meister Alexander Ginc (54 kg) und Andrej Ginc (58 kg) am Start. Alexander begann in der Qualifikation und im 1\/8 Finale mit Blitzsiegen \u00fcber seine Gegner. Jeweils vorzeitig nach nicht mal 30 Sekunden mussten sich Zans Lizbovskis (LAT) und Ranet Kaljola (EST) durch technische \u00dcberlegenheit des Sportsch\u00fclers aus Frankfurt\/Oder geschlagen geben. Maxim Nehoda (BLR) war sein Gegner im \u00bc Finale. Nach turbulentem Kampfbeginn siegte der Torgelower auch wieder mit 8:0 Punkten vorzeitig. Bei an die 40 Grad herrschenden Temperaturen war es dann leider mit der guten Form von Alexander vorbei. Zun\u00e4chst musste er Leri Abuladze (GEO) den Sieg im \u00bd Finale \u00fcberlassen und im anschlie\u00dfenden Duell um EM-Bronze gab es dann die \u00e4rgerliche Niederlage gegen Tigran Minasyan (ARM). Trotzdem ein toller Erfolg f\u00fcr den jungen Mann Platz 5 bedeutet f\u00fcr ihn die WM-Teilnahme in 14 Tagen in Sarajevo.<\/p>\n<p>F\u00fcr die gro\u00dfe Sensation sorgte dann allerdings sein Bruder Andrej Ginc. Nach seinen Vorrundensiegen \u00fcber Dimitrios Kouplidis (GRE) und Jegor Jakovlev (EST) bezwang er sensationell den Vorjahresweltmeister Joni Khetsuriani (GEO) und stand somit im Finale der EM. Hier hatte allerdings Miakhdi Iakhiaev (RUS) die besseren Karten in der Hand und gewann den Kampf um die Goldmedaille. F\u00fcr Andrej Ginc bleibt somit der Gewinn des Vizeeuropameisters 2015. Er holt das erste Edelmetall bei einer EM im m\u00e4nnlichen Bereich f\u00fcr Mecklenburg-Vorpommern. Zudem ist er der erste Sportler aus dem Nordosten der einen Endkampf bei internationalen Meisterschaften erreicht hat. Trainieren tut er wie auch sein Bruder Alexander Ginc auf der Eliteschule des Sports in Frankfurt\/Oder und wird dort von Heinz Thiel betreut.<\/p>\n<p>Deutschland erk\u00e4mpfte sich bei dieser EM 2 mal Gold, 1 mal Silber und 1 mal Bronze<\/p>\n<p>&nbsp;<\/p>\n<ul>\n<li><a href=\"https:\/\/picasaweb.google.com\/105882088140256014177\/Ringen2015EMKadettenSuboticaJungenFreistilTag12\" target=\"_blank\">Fotos EM Kadetten Subotica Jungen Freistil Tag 1+2<\/a><\/li>\n<li><a href=\"https:\/\/picasaweb.google.com\/105882088140256014177\/Ringen2015EMKadettenSuboticaMadelsTag34\" target=\"_blank\">Fotos <span class=\"gphoto-context-current\">EM Kadetten Subotica, M\u00e4dels Tag 3+4<\/span><\/a><\/li>\n<li><a href=\"https:\/\/picasaweb.google.com\/105882088140256014177\/Ringen2015EMKadettenSuboticaJungenGrRomTag56\" target=\"_blank\">Fotos <span class=\"gphoto-context-current\">EM Kadetten Subotica, Jungen gr.-r\u00f6m. Tag 5+6<\/span><\/a><\/li>\n<\/ul>\n","protected":false},"excerpt":{"rendered":"<p>Mit gleich 4 Sportlern aus Mecklenburg-Vorpommern im Aufgebot der Kadetten Nationalmannschaften (15-17 Jahre) des Deutschen Ringer-Bundes ging es zu den Europameisterschaften nach Subotica (Serbien). Bei den M\u00e4dels startete Steffi Blohm (70 kg) vom Demminer RV und die hatte es mit Larissa Nitru (ROU) zu tun. Leider unterlag sie<\/p>\n","protected":false},"author":2,"featured_media":0,"comment_status":"open","ping_status":"open","sticky":false,"template":"","format":"standard","meta":{"footnotes":""},"categories":[1],"tags":[],"class_list":["post-3785","post","type-post","status-publish","format-standard","hentry","category-allgemein"],"_links":{"self":[{"href":"https:\/\/www.ringen-mv.de\/index.php?rest_route=\/wp\/v2\/posts\/3785","targetHints":{"allow":["GET"]}}],"collection":[{"href":"https:\/\/www.ringen-mv.de\/index.php?rest_route=\/wp\/v2\/posts"}],"about":[{"href":"https:\/\/www.ringen-mv.de\/index.php?rest_route=\/wp\/v2\/types\/post"}],"author":[{"embeddable":true,"href":"https:\/\/www.ringen-mv.de\/index.php?rest_route=\/wp\/v2\/users\/2"}],"replies":[{"embeddable":true,"href":"https:\/\/www.ringen-mv.de\/index.php?rest_route=%2Fwp%2Fv2%2Fcomments&post=3785"}],"version-history":[{"count":4,"href":"https:\/\/www.ringen-mv.de\/index.php?rest_route=\/wp\/v2\/posts\/3785\/revisions"}],"predecessor-version":[{"id":3790,"href":"https:\/\/www.ringen-mv.de\/index.php?rest_route=\/wp\/v2\/posts\/3785\/revisions\/3790"}],"wp:attachment":[{"href":"https:\/\/www.ringen-mv.de\/index.php?rest_route=%2Fwp%2Fv2%2Fmedia&parent=3785"}],"wp:term":[{"taxonomy":"category","embeddable":true,"href":"https:\/\/www.ringen-mv.de\/index.php?rest_route=%2Fwp%2Fv2%2Fcategories&post=3785"},{"taxonomy":"post_tag","embeddable":true,"href":"https:\/\/www.ringen-mv.de\/index.php?rest_route=%2Fwp%2Fv2%2Ftags&post=3785"}],"curies":[{"name":"wp","href":"https:\/\/api.w.org\/{rel}","templated":true}]}}