{"id":3807,"date":"2015-08-20T16:10:27","date_gmt":"2015-08-20T14:10:27","guid":{"rendered":"http:\/\/www.sav-torgelow-ringen.de\/RV%20MV2\/wordpress_341-de\/wordpress\/?p=3807"},"modified":"2015-08-23T21:47:34","modified_gmt":"2015-08-23T19:47:34","slug":"vorschau-auf-die-weltmeisterschaften-der-kadetten-in-sarajevo-bosnien-herzegowina","status":"publish","type":"post","link":"https:\/\/www.ringen-mv.de\/?p=3807","title":{"rendered":"Vorschau auf die Weltmeisterschaften der Kadetten in Sarajevo (Bosnien-Herzegowina)"},"content":{"rendered":"<div style=\"text-align: justify\">\n<p><a href=\"http:\/\/www.ringen-mv.de\/wp-content\/uploads\/2015\/08\/wcwch2-600.jpg\"><img loading=\"lazy\" decoding=\"async\" class=\"alignleft wp-image-3808\" src=\"http:\/\/www.ringen-mv.de\/wp-content\/uploads\/2015\/08\/wcwch2-600.jpg\" alt=\"wcwch2-600\" width=\"200\" height=\"200\" srcset=\"https:\/\/www.ringen-mv.de\/wp-content\/uploads\/2015\/08\/wcwch2-600.jpg 590w, https:\/\/www.ringen-mv.de\/wp-content\/uploads\/2015\/08\/wcwch2-600-150x150.jpg 150w, https:\/\/www.ringen-mv.de\/wp-content\/uploads\/2015\/08\/wcwch2-600-300x300.jpg 300w, https:\/\/www.ringen-mv.de\/wp-content\/uploads\/2015\/08\/wcwch2-600-75x75.jpg 75w\" sizes=\"auto, (max-width: 200px) 100vw, 200px\" \/><\/a><\/p>\n<p><strong>Alexander Ginc musste verletzungsbedingt leider seine Teilnahme an der WM absagen<\/strong>.<\/p>\n<p>Sarajevo \u2013 Ab kommenden Dienstag treten die deutschen Nachwuchsringer in der Altersklasse der Kadetten (Jugend) zu den Weltmeisterschaften an, nach den Junioren ist damit die j\u00fcngste-, bei internationalen Meisterschaften zugelassene Altersklasse am Zug, die dann im Griechisch-r\u00f6mischen Stil, im Freistil, sowie im weiblichen Bereich eine Woche lang um Weltmeistertitel k\u00e4mpfen wird. Austragungsort dieser Weltmeisterschaften wird Sarajevo in Bosnien-Herzegowina sein.<\/p>\n<p><!--more--><\/p>\n<\/div>\n<div style=\"text-align: justify\"><\/div>\n<div>\n<div style=\"text-align: justify\">\n<p>Bei den erst vor zwei Wochen zu Ende gegangenen Europameisterschaften der 16- und 17-j\u00e4hrigen in Subotica (Serbien), gl\u00e4nzten vor allem die deutschen Ringerinnen durch Ellen Riesterer (49 kg\/SC Unterf\u00f6hring) und Lisa Ersel (46 kg\/SV Luftfahrt Berlin) mit gleich zwei Europameistertiteln und einer Bronzemedaille, die durch Celine Mehner (38 kg\/KSV Kirrlach) erk\u00e4mpft wurde. Serena B\u00f6lke (52 kg), die wie Lisa Ersel im Leistungszentrum Frankfurt(O.) lernt und trainiert, scheiterte im kleinen Finale um Bronze und belegte letztendlich den 5. Platz. Die Griechisch-R\u00f6misch-Spezialisten gewannen durch <strong>Andrej Ginc (58 kg\/SAV Torgelow eine Silbermedaille<\/strong>, mit<strong> Alexander Ginc 54 kg\/SAV Torgelow)<\/strong> und Franz Richter (100 kg\/AVG Markneukirchen) scheiterten gleich zwei junge Ringer an Bronze, lassen die Trainer angesichts 5. Pl\u00e4tze optimistisch in die Zukunft schauen. Alle drei Ringer trainieren im Leistungszentrum Frankfurt(O.) unter den Fittichen von St\u00fctzpunkttrainer Heinz Thiel.<\/p>\n<p>Die Freistilringer gingen mit einer neuen Mannschaft zumeist in der j\u00fcngeren Altersklasse in Subotica an den Start und konnten mit keinem Sportler in Medaillenn\u00e4he kommen.<\/p>\n<p>Nun sollen die jungen DRB-Ringer diese Leistungen bei den am kommenden Dienstag in Sarajevo beginnenden Weltmeisterschaften noch einmal unterstreichen. Nachwuchs-Bundestrainer Maik Bullmann nominierte dazu mit Andrej und Alexander Ginc, sowie Franz Richter die drei Ringer im griechisch-r\u00f6mischen Stil, die vor zwei Wochen in Subotica in den gro\u00dfen- und kleinen EM-Finals standen. Dazu kommt als vierter Ringer Anthony Sanders (63 kg\/ESV M\u00fcnchen-Ost), der nach seinem ungl\u00fccklichen Ausscheiden in Subotica erneut eine Chance erh\u00e4lt.<\/p>\n<\/div>\n<div style=\"text-align: justify\">Im freien Stil setzte Trainer J\u00fcrgen Scheibe auf seine \u00e4lteren Jahrg\u00e4nge und wird in Sarajevo mit Horst Lehr (46 kg\/VfK Schifferstadt), Adrian Wolny (58 kg\/TSV Gailbach) und Julian Gebhard (69 kg\/SC Unterf\u00f6hring) drei Ringer auf die Matten schicken.<\/div>\n<div style=\"text-align: justify\">\n<p>Wie hoch die Trauben inzwischen auch schon beim Nachwuchs h\u00e4ngen, konnte man bei den Europameisterschaften beobachten, wo vor allem osteurop\u00e4ische Ringer den Titelk\u00e4mpfen ihren Stempel aufdr\u00fcckten. Auch die Junioren bekamen vergangene Woche bei ihren Weltmeisterschaften in Salvador da Bahia (Brasilien) die St\u00e4rke der Russen, Aserbaidschaner, Georgier T\u00fcrken und Ukrainer zu sp\u00fcren. Selbst die in diesem Altersbereich erfolgsverw\u00f6hnten, deutschen Juniorinnen fuhren ohne Medaille wieder nach Hause.Optimismus vor allem bei den Kadettinnen; in Sarajevo wollen es die beiden Europameisterinnen Ellen Riesterer und Lisa Ersel erneut wissen, auch Serena B\u00f6lke, die bei der EM Bronze knapp verfehlte, nimmt bei der Weltmeisterschaft noch einmal Anlauf. In der Hauptstadt von Bosnien-Herzegowina kommen vor allem die Ringerinnen aus Japan hinzu, die im Frauenringen f\u00fchrend sind. Doch auch in den USA und Kanada wird an den dortigen Hochschulen flei\u00dfig gerungen \u2013 und entsprechend Edelmetall eingefahren. Doch das auch die deutschen Nachwuchsringerinnen im Konzert der Gro\u00dfen mithalten k\u00f6nnen, haben sie in Subotica bewiesen- und reisen daher mit Hoffnungen auf weiteres Edelmetall nach Sarajevo.<\/p>\n<ul>\n<li><a href=\"http:\/\/www.worldchampionship2015cadet.com\/index.html\" target=\"_blank\">Website zur WM<\/a><\/li>\n<\/ul>\n<p>J\u00f6rg Richter<\/p>\n<p>Die DRB-Delegationen bei den Weltmeisterschaften der Kadetten in\u00b4Sarajevo (BIH):<\/p>\n<p>griechisch-r\u00f6mischer Stil:<br \/>\n<strong>54 kg: Alexander Ginc (SAV Torgelow)<\/strong><br \/>\n<strong> 58 kg: Andrej Ginc SAV Torgelow)<\/strong><br \/>\n63 kg: Anthony Sanders (ESV M\u00fcnchen &#8211; Ost)<br \/>\n100 kg: Franz Richter (AVG Markneukirchen)<\/p>\n<p>Trainer: Nachwuchs-Bundestrainer Maik Bullmann;<br \/>\nCo-Trainer: Uwe Werner (BAY)<\/p>\n<p>Kadettinnen:<br \/>\n46 kg: Lisa Ersel (SV Luftfahrt Berlin)<br \/>\n49 kg: Ellen Riesterer (SC Unterf\u00f6hring)<br \/>\n52 kg: Serena B\u00f6lke (RSV Hansa 90 Frankfurt\/O.)<br \/>\n56 kg: Debora Lawnitzak (SV Luftfahrt Berlin)<\/p>\n<p>Trainer: Nachwuchs-Bundestrainerin Alexandra Engelhardt<br \/>\nCo-Trainer: Michael Kothe (BRB)<\/p>\n<p>Freistil:<br \/>\n46 kg: Horst Lehr (VfK Schifferstadt)<br \/>\n58 kg: Adrian Wolny (TSV Gailbach)<br \/>\n69 kg: Julian Gebhard (SC Unterf\u00f6hring)<\/p>\n<p>Trainer: Nachwuchs-Bundestrainer J\u00fcrgen Scheibe<\/p>\n<\/div>\n<p style=\"text-align: justify\">jr<\/p>\n<\/div>\n<p>&nbsp;<\/p>\n","protected":false},"excerpt":{"rendered":"<p>Alexander Ginc musste verletzungsbedingt leider seine Teilnahme an der WM absagen. Sarajevo \u2013 Ab kommenden Dienstag treten die deutschen Nachwuchsringer in der Altersklasse der Kadetten (Jugend) zu den Weltmeisterschaften an, nach den Junioren ist damit die j\u00fcngste-, bei internationalen Meisterschaften zugelassene Altersklasse am Zug, die dann im Griechisch-r\u00f6mischen<\/p>\n","protected":false},"author":2,"featured_media":0,"comment_status":"open","ping_status":"open","sticky":false,"template":"","format":"standard","meta":{"footnotes":""},"categories":[1],"tags":[],"class_list":["post-3807","post","type-post","status-publish","format-standard","hentry","category-allgemein"],"_links":{"self":[{"href":"https:\/\/www.ringen-mv.de\/index.php?rest_route=\/wp\/v2\/posts\/3807","targetHints":{"allow":["GET"]}}],"collection":[{"href":"https:\/\/www.ringen-mv.de\/index.php?rest_route=\/wp\/v2\/posts"}],"about":[{"href":"https:\/\/www.ringen-mv.de\/index.php?rest_route=\/wp\/v2\/types\/post"}],"author":[{"embeddable":true,"href":"https:\/\/www.ringen-mv.de\/index.php?rest_route=\/wp\/v2\/users\/2"}],"replies":[{"embeddable":true,"href":"https:\/\/www.ringen-mv.de\/index.php?rest_route=%2Fwp%2Fv2%2Fcomments&post=3807"}],"version-history":[{"count":11,"href":"https:\/\/www.ringen-mv.de\/index.php?rest_route=\/wp\/v2\/posts\/3807\/revisions"}],"predecessor-version":[{"id":3819,"href":"https:\/\/www.ringen-mv.de\/index.php?rest_route=\/wp\/v2\/posts\/3807\/revisions\/3819"}],"wp:attachment":[{"href":"https:\/\/www.ringen-mv.de\/index.php?rest_route=%2Fwp%2Fv2%2Fmedia&parent=3807"}],"wp:term":[{"taxonomy":"category","embeddable":true,"href":"https:\/\/www.ringen-mv.de\/index.php?rest_route=%2Fwp%2Fv2%2Fcategories&post=3807"},{"taxonomy":"post_tag","embeddable":true,"href":"https:\/\/www.ringen-mv.de\/index.php?rest_route=%2Fwp%2Fv2%2Ftags&post=3807"}],"curies":[{"name":"wp","href":"https:\/\/api.w.org\/{rel}","templated":true}]}}