{"id":3837,"date":"2015-09-08T19:05:28","date_gmt":"2015-09-08T17:05:28","guid":{"rendered":"http:\/\/www.sav-torgelow-ringen.de\/RV%20MV2\/wordpress_341-de\/wordpress\/?p=3837"},"modified":"2015-09-08T19:05:28","modified_gmt":"2015-09-08T17:05:28","slug":"sommerlager-in-granzow-brachte-spass-und-abwechslung","status":"publish","type":"post","link":"https:\/\/www.ringen-mv.de\/?p=3837","title":{"rendered":"Sommerlager in Granzow brachte Spa\u00df und Abwechslung"},"content":{"rendered":"<p style=\"text-align: justify;\">Am 10.08.2015 ging es f\u00fcr 16 Kinder und ihre Betreuer f\u00fcr 10 Tage nach Granzow bei Mirow.Nach Aufteilung und Eroberung der Zimmer ging es erst mal zum kleinen Rundgang durch den Ferienpark und auf die Suche nach dem See. Zur Freude aller war der selbige nur 10 Minuten Fu\u00dfmarsch entfernt, sodass dieser auch t\u00e4glich aufgesucht wurde und sich alle reichlich im erholsamen k\u00fchlen Nass austoben konnten.<\/p>\n<p style=\"text-align: justify;\"><!--more--><\/p>\n<p style=\"text-align: justify;\">Jeder Morgen wurde mit einer Runde Fr\u00fchsport begonnen, damit die m\u00fcden Geister erst mal wieder in Schwung gebracht wurden.Nach dem Fr\u00fchst\u00fcck ging es denn meistens los, die Gegend unsicher zu machen.Wir wurden schon am Anreisetag, bei der St\u00fcrmung eines Spielplatzes gefragt, was wir f\u00fcr eine Gruppe sind. Nachdem wir denn antworteten, dass wir ein Sportverein aus Demmin seien, kam denn (f\u00fcr uns v\u00f6llig \u00fcberraschend \ud83d\ude09 ) die Feststellung, dass wir doch eine Menge aktiver Kinder dabei h\u00e4tten.<\/p>\n<p style=\"text-align: justify;\">Der 1. Tag war einzig und allein zum Baden reserviert, da es an diesem Tag weit \u00fcber 30 \u00b0C war, waren alle froh \u00fcber einen Platz am See.<\/p>\n<p style=\"text-align: justify;\">Am 2. Tag hie\u00df es aber schon: \u201eBewegung tut gut\u201c und so ging es denn zum Tretboot fahren. Zwar kein Sport in dem Sinne, aber dennoch anstrengend. Vor allem f\u00fcr Ivette, die immer wieder in die Pedale treten musste.<\/p>\n<p style=\"text-align: justify;\">Am Donnerstag wurde eine Dampferfahrt unternommen. Wider Erwarten wurde keiner seekrank und es ging auch keiner \u00fcber Bord.<\/p>\n<p style=\"text-align: justify;\">Am Samstag bekamen unsere Betreuer denn Verst\u00e4rkung, sodass Kanufahren auf dem Programm stand. Allerdings waren wohl einige Kinder noch vom letzten Jahr, in Zelezna Ruda, geheilt und blieben lieber an Land.<\/p>\n<p style=\"text-align: justify;\">Was unternahmen unsere Kids noch alles \u2013 au\u00dfer baden, baden, baden und Eis essen?<\/p>\n<p style=\"text-align: justify;\">Es wurde ein Rennen mit Tretautos durch den Park gemacht. Bei diesem Rennen wurden selbst erwachsene M\u00e4nner wieder zu kleinen Jungs und hatten eine Menge Spa\u00df.<\/p>\n<p style=\"text-align: justify;\">Es ging zum Minigolf spielen. Es wurde eine Wanderung durch den Wald gemacht, welche ihren kr\u00f6nenden Abschluss bei einer Wasserschlacht fand, die bereits von Ivette vorbereitet wurde, w\u00e4hrend Armin vom Wanderfieber gepackt war.<\/p>\n<p style=\"text-align: justify;\">Es gab einen Disco- und Grillabend. Die Kinder f\u00fchrten eine Modenschau durch, wobei auch zwei Jungs mutig mitliefen. Schade, dass bei Heidi Klum nur M\u00e4dchen erlaubt sind! Die Jungs bewiesen auf jeden Fall gro\u00dfes Potenzial und sorgten f\u00fcr einige Lacher.<\/p>\n<p style=\"text-align: justify;\">In der wenigen Zeit, die von den Tagen \u00fcbrig blieb, gab es nat\u00fcrlich auch was zu Essen und ab und zu auch etwas Schlaf. Davon aber anscheinend zu wenig, denn am Tag der Abreise hingen die Kinder doch ganz sch\u00f6n in den Seilen und mutierten, wieder zu Hause, teilweise zu ausgesprochenen Langschl\u00e4fern!<\/p>\n<p style=\"text-align: justify;\">Wir hoffen, es hatten alle Spa\u00df miteinander und es tat ihnen gut, mal au\u00dferhalb der Turnhallen Zeit miteinander zu verbringen.<\/p>\n<p style=\"text-align: justify;\">Unser Dank geht an unsere Betreuer, welche sich wacker geschlagen hatten (wir Eltern kennen unsere \u201eTeufel\u201c) und dem K\u00fcchenpersonal des Waldhaus Granzow, welche 3x t\u00e4glich f\u00fcr ein Super-Essen sorgten. Alle Kinder fanden das Essen lecker, was mit Sicherheit der 1. Gang auf die Waage beweisen wird.<\/p>\n","protected":false},"excerpt":{"rendered":"<p>Am 10.08.2015 ging es f\u00fcr 16 Kinder und ihre Betreuer f\u00fcr 10 Tage nach Granzow bei Mirow.Nach Aufteilung und Eroberung der Zimmer ging es erst mal zum kleinen Rundgang durch den Ferienpark und auf die Suche nach dem See. Zur Freude aller war der selbige nur 10 Minuten<\/p>\n","protected":false},"author":1,"featured_media":2362,"comment_status":"open","ping_status":"open","sticky":false,"template":"","format":"standard","meta":{"footnotes":""},"categories":[11],"tags":[],"class_list":["post-3837","post","type-post","status-publish","format-standard","has-post-thumbnail","hentry","category-demmin"],"_links":{"self":[{"href":"https:\/\/www.ringen-mv.de\/index.php?rest_route=\/wp\/v2\/posts\/3837","targetHints":{"allow":["GET"]}}],"collection":[{"href":"https:\/\/www.ringen-mv.de\/index.php?rest_route=\/wp\/v2\/posts"}],"about":[{"href":"https:\/\/www.ringen-mv.de\/index.php?rest_route=\/wp\/v2\/types\/post"}],"author":[{"embeddable":true,"href":"https:\/\/www.ringen-mv.de\/index.php?rest_route=\/wp\/v2\/users\/1"}],"replies":[{"embeddable":true,"href":"https:\/\/www.ringen-mv.de\/index.php?rest_route=%2Fwp%2Fv2%2Fcomments&post=3837"}],"version-history":[{"count":1,"href":"https:\/\/www.ringen-mv.de\/index.php?rest_route=\/wp\/v2\/posts\/3837\/revisions"}],"predecessor-version":[{"id":3838,"href":"https:\/\/www.ringen-mv.de\/index.php?rest_route=\/wp\/v2\/posts\/3837\/revisions\/3838"}],"wp:featuredmedia":[{"embeddable":true,"href":"https:\/\/www.ringen-mv.de\/index.php?rest_route=\/wp\/v2\/media\/2362"}],"wp:attachment":[{"href":"https:\/\/www.ringen-mv.de\/index.php?rest_route=%2Fwp%2Fv2%2Fmedia&parent=3837"}],"wp:term":[{"taxonomy":"category","embeddable":true,"href":"https:\/\/www.ringen-mv.de\/index.php?rest_route=%2Fwp%2Fv2%2Fcategories&post=3837"},{"taxonomy":"post_tag","embeddable":true,"href":"https:\/\/www.ringen-mv.de\/index.php?rest_route=%2Fwp%2Fv2%2Ftags&post=3837"}],"curies":[{"name":"wp","href":"https:\/\/api.w.org\/{rel}","templated":true}]}}