{"id":3905,"date":"2015-10-08T20:18:44","date_gmt":"2015-10-08T18:18:44","guid":{"rendered":"http:\/\/www.sav-torgelow-ringen.de\/RV%20MV2\/wordpress_341-de\/wordpress\/?p=3905"},"modified":"2015-10-08T20:19:11","modified_gmt":"2015-10-08T18:19:11","slug":"oberligateam-mit-auftaktsieg-gegen-kg-kielluebeck","status":"publish","type":"post","link":"https:\/\/www.ringen-mv.de\/?p=3905","title":{"rendered":"Oberligateam mit Auftaktsieg gegen KG Kiel\/L\u00fcbeck"},"content":{"rendered":"<p style=\"text-align: justify\"><a href=\"http:\/\/www.ringen-mv.de\/wp-content\/uploads\/2015\/10\/DSC_0146.jpg\"><img loading=\"lazy\" decoding=\"async\" class=\"alignleft size-medium wp-image-3906\" src=\"http:\/\/www.ringen-mv.de\/wp-content\/uploads\/2015\/10\/DSC_0146-300x200.jpg\" alt=\"DSC_0146\" width=\"300\" height=\"200\" srcset=\"https:\/\/www.ringen-mv.de\/wp-content\/uploads\/2015\/10\/DSC_0146-300x200.jpg 300w, https:\/\/www.ringen-mv.de\/wp-content\/uploads\/2015\/10\/DSC_0146.jpg 1024w\" sizes=\"auto, (max-width: 300px) 100vw, 300px\" \/><\/a>Die Oberliga der Gruppe Nord hat ihren Saisonstart vollzogen. Mit der Kampfgemeinschaft L\u00fcbtheen geht auch wieder ein Team aus Mecklenburg-Vorpommern an den Start, als Ziel hat man sich den Aufstieg in die Regionalliga Mitteldeutschland gesteckt. <!--more-->Zum Auftakt empfing die Bundesligareserve des RV L\u00fcbtheen welches aus den Sportlern der Vereine Demminer RV, Greifswalder RV, SAV Torgelow und RV L\u00fcbtheen besteht die Kampfgemeinschaft Kiel\/L\u00fcbeck in der Hans-Oldag-Halle in L\u00fcbtheen. F\u00fcnf der Acht Duelle konnte die KG L\u00fcbtheen f\u00fcr sich entscheiden und am Ende klar mit 20:9 gewinnen. Siege f\u00fcr die Gemeinschaft holten die drei L\u00fcbtheener Torsten Schmal (59 kg) und Alex Fuhr (66 kg) und Alexander Biederst\u00e4dt (86 kg) sowie die beiden Ringer des Greifswalder RV Peter Gro\u00df (96 kg) und Bahaeddin Moradt (130 kg). Alle f\u00fcnf Athleten brauchten nicht die volle Kampfzeit, alle gewannen vorzeitig mit einem Schultersieg und durch technische \u00dcberlegenheit. Niederlagen im Team gab es diesmal f\u00fcr Eric Ute\u00df (70 kg), Eric Pillat (75 kg) und Jonas Fentzahn (75 kg) die mit zusammen 9 Z\u00e4hlern aber gering gehalten wurden. Im anderen Duell der Oberliga trennten sich der SC Roland Hamburg und die KG Hennigsdorf\/Tegel 8 : 14 und somit hat die KG L\u00fcbtheen zun\u00e4chst die Tabellenf\u00fchrung \u00fcbernommen. Als n\u00e4chstes wird die KG L\u00fcbtheen ihren Heimkampf am 17.10.15 im Sportcentrum in der Karl-Krull-Stra\u00dfe in Greifswald austragen, dann empf\u00e4ngt man die KG Hennigsdorf\/Tegel.<\/p>\n<p><a href=\"https:\/\/picasaweb.google.com\/105882088140256014177\/Ringen2015OberligaKGLubtheenKGKielLubeck209\" target=\"_blank\">Fotos<\/a><\/p>\n<p>&nbsp;<\/p>\n<table border=\"0\" width=\"600\" cellspacing=\"1\" cellpadding=\"0\">\n<tbody>\n<tr>\n<td width=\"50%\"><strong>KG L\u00fcbtheen II<br \/>\n20<\/strong><\/td>\n<td width=\"50%\"><strong>KG Kiel\/L\u00fcbeck<br \/>\n9<\/strong><\/td>\n<\/tr>\n<tr>\n<td width=\"30%\">Wettkampfst\u00e4tte<\/td>\n<td width=\"70%\"><strong>Hans-Oldag Halle , Rudolf Breitscheidstr. 30, 19249 L\u00fcbtheen<\/strong><\/td>\n<\/tr>\n<tr>\n<td width=\"30%\">Kampfrichter:<\/td>\n<td width=\"70%\"><\/td>\n<\/tr>\n<tr>\n<td colspan=\"2\" valign=\"top\" width=\"100%\">\n<div>\n<table border=\"0\" width=\"100%\" cellpadding=\"0\">\n<tbody>\n<tr>\n<td>Stilart<\/td>\n<td>Gewicht<\/td>\n<td>Name<\/td>\n<td>Name<\/td>\n<td>Punkte<\/td>\n<td>Wertung<\/td>\n<td>Zeit<\/td>\n<\/tr>\n<tr>\n<td>Gr.-r\u00f6m.<\/td>\n<td><a href=\"http:\/\/www.liga-db.de\/nvligendb.asp?cmd=MKEinzelDetail&amp;BegID=289386\" target=\"_blank\">59<\/a><\/td>\n<td><strong>Torsten Schmal<\/strong><\/td>\n<td>Farshadi Farshid<\/td>\n<td>4:0<\/td>\n<td>SS 3:7<\/td>\n<td>04:47<\/td>\n<\/tr>\n<tr>\n<td>Freistil<\/td>\n<td><a href=\"http:\/\/www.liga-db.de\/nvligendb.asp?cmd=MKEinzelDetail&amp;BegID=289387\" target=\"_blank\">66<\/a><\/td>\n<td><strong>Alex Fuhr<\/strong><\/td>\n<td>Angelo Laezza<\/td>\n<td>4:0<\/td>\n<td>T\u00dc 21:5<\/td>\n<td>05:17<\/td>\n<\/tr>\n<tr>\n<td>Gr.-r\u00f6m.<\/td>\n<td><a href=\"http:\/\/www.liga-db.de\/nvligendb.asp?cmd=MKEinzelDetail&amp;BegID=289388\" target=\"_blank\">70<\/a><\/td>\n<td>Eric Ute\u00df<\/td>\n<td><strong>Roman Sintsov<\/strong><\/td>\n<td>0:1<\/td>\n<td>PS 4:5<\/td>\n<td>06:00<\/td>\n<\/tr>\n<tr>\n<td>Freistil<\/td>\n<td><a href=\"http:\/\/www.liga-db.de\/nvligendb.asp?cmd=MKEinzelDetail&amp;BegID=289389\" target=\"_blank\">75A<\/a><\/td>\n<td>Eric Pillat<\/td>\n<td><strong>Wakili Mohammad<\/strong><\/td>\n<td>0:4<\/td>\n<td>\u00dcG 2:4<\/td>\n<td>06:00<\/td>\n<\/tr>\n<tr>\n<td>Gr.-r\u00f6m.<\/td>\n<td><a href=\"http:\/\/www.liga-db.de\/nvligendb.asp?cmd=MKEinzelDetail&amp;BegID=289390\" target=\"_blank\">75B<\/a><\/td>\n<td>Jonas Fentzahn<\/td>\n<td><strong>Fatih Geyik<\/strong><\/td>\n<td>0:4<\/td>\n<td>AS 0:0<\/td>\n<td>00:01<\/td>\n<\/tr>\n<tr>\n<td>Freistil<\/td>\n<td><a href=\"http:\/\/www.liga-db.de\/nvligendb.asp?cmd=MKEinzelDetail&amp;BegID=289391\" target=\"_blank\">86<\/a><\/td>\n<td><strong>Alexander Biederst\u00e4dt<\/strong><\/td>\n<td>Philip Kraus<\/td>\n<td>4:0<\/td>\n<td>T\u00dc 15:0<\/td>\n<td>04:01<\/td>\n<\/tr>\n<tr>\n<td>Gr.-r\u00f6m.<\/td>\n<td><a href=\"http:\/\/www.liga-db.de\/nvligendb.asp?cmd=MKEinzelDetail&amp;BegID=289392\" target=\"_blank\">98<\/a><\/td>\n<td><strong>Peter Gro\u00df<\/strong><\/td>\n<td>Furkan Paylan<\/td>\n<td>4:0<\/td>\n<td>T\u00dc 15:0<\/td>\n<td>00:42<\/td>\n<\/tr>\n<tr>\n<td>Freistil<\/td>\n<td><a href=\"http:\/\/www.liga-db.de\/nvligendb.asp?cmd=MKEinzelDetail&amp;BegID=289393\" target=\"_blank\">130<\/a><\/td>\n<td><strong>Bahaeddin Moradt<\/strong><\/td>\n<td>Rasmik Babadschanen<\/td>\n<td>4:0<\/td>\n<td>T\u00dc 20:4<\/td>\n<td>04:12<\/td>\n<\/tr>\n<\/tbody>\n<\/table>\n<\/div>\n<\/td>\n<\/tr>\n<\/tbody>\n<\/table>\n","protected":false},"excerpt":{"rendered":"<p>Die Oberliga der Gruppe Nord hat ihren Saisonstart vollzogen. Mit der Kampfgemeinschaft L\u00fcbtheen geht auch wieder ein Team aus Mecklenburg-Vorpommern an den Start, als Ziel hat man sich den Aufstieg in die Regionalliga Mitteldeutschland gesteckt.<\/p>\n","protected":false},"author":2,"featured_media":0,"comment_status":"open","ping_status":"open","sticky":false,"template":"","format":"standard","meta":{"footnotes":""},"categories":[1],"tags":[],"class_list":["post-3905","post","type-post","status-publish","format-standard","hentry","category-allgemein"],"_links":{"self":[{"href":"https:\/\/www.ringen-mv.de\/index.php?rest_route=\/wp\/v2\/posts\/3905","targetHints":{"allow":["GET"]}}],"collection":[{"href":"https:\/\/www.ringen-mv.de\/index.php?rest_route=\/wp\/v2\/posts"}],"about":[{"href":"https:\/\/www.ringen-mv.de\/index.php?rest_route=\/wp\/v2\/types\/post"}],"author":[{"embeddable":true,"href":"https:\/\/www.ringen-mv.de\/index.php?rest_route=\/wp\/v2\/users\/2"}],"replies":[{"embeddable":true,"href":"https:\/\/www.ringen-mv.de\/index.php?rest_route=%2Fwp%2Fv2%2Fcomments&post=3905"}],"version-history":[{"count":3,"href":"https:\/\/www.ringen-mv.de\/index.php?rest_route=\/wp\/v2\/posts\/3905\/revisions"}],"predecessor-version":[{"id":3909,"href":"https:\/\/www.ringen-mv.de\/index.php?rest_route=\/wp\/v2\/posts\/3905\/revisions\/3909"}],"wp:attachment":[{"href":"https:\/\/www.ringen-mv.de\/index.php?rest_route=%2Fwp%2Fv2%2Fmedia&parent=3905"}],"wp:term":[{"taxonomy":"category","embeddable":true,"href":"https:\/\/www.ringen-mv.de\/index.php?rest_route=%2Fwp%2Fv2%2Fcategories&post=3905"},{"taxonomy":"post_tag","embeddable":true,"href":"https:\/\/www.ringen-mv.de\/index.php?rest_route=%2Fwp%2Fv2%2Ftags&post=3905"}],"curies":[{"name":"wp","href":"https:\/\/api.w.org\/{rel}","templated":true}]}}