{"id":3921,"date":"2015-10-21T11:21:13","date_gmt":"2015-10-21T09:21:13","guid":{"rendered":"http:\/\/www.sav-torgelow-ringen.de\/RV%20MV2\/wordpress_341-de\/wordpress\/?p=3921"},"modified":"2015-10-21T11:23:38","modified_gmt":"2015-10-21T09:23:38","slug":"veteranenweltmeisterschaften-im-ringen-2015","status":"publish","type":"post","link":"https:\/\/www.ringen-mv.de\/?p=3921","title":{"rendered":"Veteranenweltmeisterschaften im Ringen 2015"},"content":{"rendered":"<p><a href=\"http:\/\/www.ringen-mv.de\/wp-content\/uploads\/2015\/10\/IMG_5439.jpg\"><img loading=\"lazy\" decoding=\"async\" class=\"alignleft size-medium wp-image-3922\" src=\"http:\/\/www.ringen-mv.de\/wp-content\/uploads\/2015\/10\/IMG_5439-300x225.jpg\" alt=\"IMG_5439\" width=\"300\" height=\"225\" srcset=\"https:\/\/www.ringen-mv.de\/wp-content\/uploads\/2015\/10\/IMG_5439-300x225.jpg 300w, https:\/\/www.ringen-mv.de\/wp-content\/uploads\/2015\/10\/IMG_5439.jpg 640w\" sizes=\"auto, (max-width: 300px) 100vw, 300px\" \/><\/a>Die diesj\u00e4hrige Veranstaltung fand in der Zeit vom 12. \u2013 18.10. in der griechischen Hauptstadt Athen statt. 700 Aktive beiderlei Geschlechts aus 41 L\u00e4ndern bedeuteten einen neuen Teilnehmerrekord und lie\u00dfen auf gute sportliche Kost hoffen. Und die Athleten sorgten daf\u00fcr, aller Welt zu beweisen, dass man auch im gesetzten Alter durchaus in der Lage ist sportlich anspruchsvolle Leistungen zu vollbringen.<!--more--><br \/>\nAuch eine Abordnung der in der Vergangenheit so erfolgreichen\u00a0 Warnem\u00fcnder Veteranen &#8211; Ringer machte sich auf den Weg, um in diesem Jahr wieder um das begehrte Edelmetall zu k\u00e4mpfen.<br \/>\nDie Vorzeichen f\u00fcr unsere \u201egestandenen\u201c K\u00e4mpen standen allerdings nicht so gut: Siegfried \u201eScholle\u201c Jozlowski, unserem 7 &#8211; fachen Veteranenweltmeister, macht der fortgeschrittene Verschlei\u00df eines H\u00fcftgelenkes zu schaffen und zu allem \u00dcbel kam ein Grippeinfekt hinzu, der einen Start unm\u00f6glich machte.<br \/>\nThorsten Wietzke, selbst mehrfacher Medaillengewinner und Weltmeister plagt eine sehr schmerzhafte Verletzung an der Hand und wie bei Siegfried kam ein Grippeinfekt hinzu, der bekanntlich die Kr\u00e4fte schwinden l\u00e4sst. Allen Widrigkeiten zum Trotz nahm Thorsten aber den Kampf auf. Das Los beschied ihm f\u00fcr den ersten Kampf den Amerikaner Bill Newton, dem er 1:5 nach Punkten unterlag. Da international im K.o. &#8211; System gerungen wird, w\u00e4re der Wettkampf hier f\u00fcr ihn zu Ende gewesen, aber die Regel besagt, wenn der Sieger bis ins Finale vordringt, kann der Unterlegene \u00fcber die Hoffnungsrunde wieder in den Wettkampf eingreifen. Und Bill Newton wurde Finalteilnehmer, was Thorsten die M\u00f6glichkeit er\u00f6ffnete nochmals in den Kampf um Bronze einzusteigen. Dazu h\u00e4tte er den Russen Vladislav Egorov besiegen m\u00fcssen, was ihm aufgrund seiner angeschlagenen Gesundheit an diesem Tag nicht gelang. Er unterlag ihm mit 0:4 Punkten. Trotz allem muss Thorsten eine tadellose Kampfeinstellung bescheinigt werden, woran es ihm auch in der Vergangenheit nie gemangelt hat. \u2013 Respekt !!!!<br \/>\nDoch nun zu unserem j\u00fcngsten Teilnehmer, der mit seinen 43 Jahren die Bezeichnung\u00a0 Veteran wei\u00df Gott nicht verdient hat. Stefan Pentschew, der seit Jahren mit vorderen Platzierungen bei nationalen Veteranenmeisterschaften\u00a0 auf sich aufmerksam gemacht hat, startete erstmalig bei einer solchen WM und entsprechend gro\u00df war die Aufregung. Was er aber dann pr\u00e4sentierte, war schon \u201em\u00e4chtig gewaltig\u201c. In seinem ersten Kampf besiegte er den T\u00fcrken Nazif Barutku mit 10:0 Punkten. Durch diesen Sieg und die Ergebnisse der anderen K\u00e4mpfe befand sich Stefan bereits im Halbfinale in der mit 14 Teilnehmern besetzten Gewichtsklasse bis 69 Kg. Hier hatte er es mit dem Italiener Antonio Calandra zu tun, den er mit 13:2 Wertungspunkten von der Matte schickte. Und damit war die Sensation perfekt : Stefan stand im Endkampf um die Goldmedaille und den Titel eines Weltmeisters !!!<br \/>\nHier sollte er es an diesem Tag mit seinem Bezwinger, dem Russen Vladimir Vasiuk zu tun bekommen. Ein Beinangriff des Russen brachte Stefan in die Bodenlage, die sein Gegner zu mehreren Punktgewinnen durch Ankippen nutzte, sodass der Kampf mit 10:0 verloren ging.<br \/>\n\u00dcber das Wenn und Aber zu lamentieren f\u00fchrt zu nichts, freuen wir uns einfach \u00fcber unseren Vize-Weltmeister, denn das wird man nicht jeden Tag und geschenkt wurde Stefan bei diesem Wettkampf absolut nichts. \u2013 Gl\u00fcckwunsch !!!<\/p>\n<p>Hans Wittkowski<\/p>\n","protected":false},"excerpt":{"rendered":"<p>Die diesj\u00e4hrige Veranstaltung fand in der Zeit vom 12. \u2013 18.10. in der griechischen Hauptstadt Athen statt. 700 Aktive beiderlei Geschlechts aus 41 L\u00e4ndern bedeuteten einen neuen Teilnehmerrekord und lie\u00dfen auf gute sportliche Kost hoffen. Und die Athleten sorgten daf\u00fcr, aller Welt zu beweisen, dass man auch im<\/p>\n","protected":false},"author":2,"featured_media":0,"comment_status":"open","ping_status":"open","sticky":false,"template":"","format":"standard","meta":{"footnotes":""},"categories":[17],"tags":[],"class_list":["post-3921","post","type-post","status-publish","format-standard","hentry","category-warnemunde"],"_links":{"self":[{"href":"https:\/\/www.ringen-mv.de\/index.php?rest_route=\/wp\/v2\/posts\/3921","targetHints":{"allow":["GET"]}}],"collection":[{"href":"https:\/\/www.ringen-mv.de\/index.php?rest_route=\/wp\/v2\/posts"}],"about":[{"href":"https:\/\/www.ringen-mv.de\/index.php?rest_route=\/wp\/v2\/types\/post"}],"author":[{"embeddable":true,"href":"https:\/\/www.ringen-mv.de\/index.php?rest_route=\/wp\/v2\/users\/2"}],"replies":[{"embeddable":true,"href":"https:\/\/www.ringen-mv.de\/index.php?rest_route=%2Fwp%2Fv2%2Fcomments&post=3921"}],"version-history":[{"count":4,"href":"https:\/\/www.ringen-mv.de\/index.php?rest_route=\/wp\/v2\/posts\/3921\/revisions"}],"predecessor-version":[{"id":3951,"href":"https:\/\/www.ringen-mv.de\/index.php?rest_route=\/wp\/v2\/posts\/3921\/revisions\/3951"}],"wp:attachment":[{"href":"https:\/\/www.ringen-mv.de\/index.php?rest_route=%2Fwp%2Fv2%2Fmedia&parent=3921"}],"wp:term":[{"taxonomy":"category","embeddable":true,"href":"https:\/\/www.ringen-mv.de\/index.php?rest_route=%2Fwp%2Fv2%2Fcategories&post=3921"},{"taxonomy":"post_tag","embeddable":true,"href":"https:\/\/www.ringen-mv.de\/index.php?rest_route=%2Fwp%2Fv2%2Ftags&post=3921"}],"curies":[{"name":"wp","href":"https:\/\/api.w.org\/{rel}","templated":true}]}}