{"id":3967,"date":"2015-12-18T16:45:01","date_gmt":"2015-12-18T15:45:01","guid":{"rendered":"http:\/\/www.sav-torgelow-ringen.de\/RV%20MV2\/wordpress_341-de\/wordpress\/?p=3967"},"modified":"2015-12-18T16:46:59","modified_gmt":"2015-12-18T15:46:59","slug":"sanfter-riese-dankt-ab","status":"publish","type":"post","link":"https:\/\/www.ringen-mv.de\/?p=3967","title":{"rendered":"\u201eSanfter Riese\u201c dankt ab"},"content":{"rendered":"<p style=\"text-align: justify;\">Thomas Tonn begann seine sportliche Laufbahn mit sieben Jahren auf den Ringermatten des SG Dynamo Schwerin. Seine Begabung f\u00fcr den Ringkampfsport fiel dem Trainer Klaus Noetzel sofort bei seiner K\u00f6rpergr\u00f6\u00dfe auf, und alsbald geh\u00f6rte er zu den erfolgreichsten Sportlern seines Vereins.<\/p>\n<p style=\"text-align: justify;\"><!--more--><\/p>\n<p style=\"text-align: justify;\">Die Ringerabteilungen bundesweit interessierten sich auch f\u00fcr den \u00fcber zwei Meter gro\u00dfen Ausnahmeathleten im Schwergewicht. So kam es, dass Thomas Tonn zu den Rostocker Ringern wechselte und mehrfach den Titel eines deutschen Meisters erk\u00e4mpfte. Mit seiner Teilnahme bei Europa -und Weltmeisterschaften vertrat er Deutschland international. Seine Laufbahn setzte er dann in Luckenwalde fort, bevor der FC Erzgebirge Aue ihn in seine Elite<span class=\"bx\">\u2013<\/span>Auswahl aufnahm. Hier im Erzgebirge wechselte Tonn bald zum RSK Gelenau \u00fcber. Seine letzte Ringerstation au\u00dferhalb des Landes Mecklenburg Vorpommern war Frankfurt an der Oder.<\/p>\n<p style=\"text-align: justify;\"><a href=\"http:\/\/www.ringen-mv.de\/wp-content\/uploads\/2015\/12\/tonn.png\" rel=\"attachment wp-att-3968\"><img loading=\"lazy\" decoding=\"async\" class=\"alignleft wp-image-3968\" src=\"http:\/\/www.ringen-mv.de\/wp-content\/uploads\/2015\/12\/tonn.png\" alt=\"tonn\" width=\"212\" height=\"300\" srcset=\"https:\/\/www.ringen-mv.de\/wp-content\/uploads\/2015\/12\/tonn.png 317w, https:\/\/www.ringen-mv.de\/wp-content\/uploads\/2015\/12\/tonn-212x300.png 212w\" sizes=\"auto, (max-width: 212px) 100vw, 212px\" \/><\/a>Als der Ringerverein L\u00fcbtheen 2013 in die 2. Bundesliga Nord aufstieg, war es f\u00fcr Thomas selbstverst\u00e4ndlich, dass er mit seinen Erfahrungen und Erfolgen die Zweitligisten aus Mecklenburg im Schwergewicht bis 130 kg unterst\u00fctzte. Beim letzten Heimkampf der Lindenst\u00e4dter 2015 gegen den RSK Gelenau wurde Thomas Tonn vom Vorsitzenden des Ringervereins L\u00fcbtheen, Bert Compas, nach 29 Jahren aktiver Laufbahn feierlich verabschiedet. Als Betreuer und Ratgeber wird er aber auch in Zukunft f\u00fcr die L\u00fcbtheener Mannschaft immer da sein.<\/p>\n","protected":false},"excerpt":{"rendered":"<p>Thomas Tonn begann seine sportliche Laufbahn mit sieben Jahren auf den Ringermatten des SG Dynamo Schwerin. Seine Begabung f\u00fcr den Ringkampfsport fiel dem Trainer Klaus Noetzel sofort bei seiner K\u00f6rpergr\u00f6\u00dfe auf, und alsbald geh\u00f6rte er zu den erfolgreichsten Sportlern seines Vereins.<\/p>\n","protected":false},"author":1,"featured_media":0,"comment_status":"open","ping_status":"open","sticky":false,"template":"","format":"standard","meta":{"footnotes":""},"categories":[4,12,14],"tags":[],"class_list":["post-3967","post","type-post","status-publish","format-standard","hentry","category-lubtheen","category-rostock","category-schwerin"],"_links":{"self":[{"href":"https:\/\/www.ringen-mv.de\/index.php?rest_route=\/wp\/v2\/posts\/3967","targetHints":{"allow":["GET"]}}],"collection":[{"href":"https:\/\/www.ringen-mv.de\/index.php?rest_route=\/wp\/v2\/posts"}],"about":[{"href":"https:\/\/www.ringen-mv.de\/index.php?rest_route=\/wp\/v2\/types\/post"}],"author":[{"embeddable":true,"href":"https:\/\/www.ringen-mv.de\/index.php?rest_route=\/wp\/v2\/users\/1"}],"replies":[{"embeddable":true,"href":"https:\/\/www.ringen-mv.de\/index.php?rest_route=%2Fwp%2Fv2%2Fcomments&post=3967"}],"version-history":[{"count":3,"href":"https:\/\/www.ringen-mv.de\/index.php?rest_route=\/wp\/v2\/posts\/3967\/revisions"}],"predecessor-version":[{"id":3971,"href":"https:\/\/www.ringen-mv.de\/index.php?rest_route=\/wp\/v2\/posts\/3967\/revisions\/3971"}],"wp:attachment":[{"href":"https:\/\/www.ringen-mv.de\/index.php?rest_route=%2Fwp%2Fv2%2Fmedia&parent=3967"}],"wp:term":[{"taxonomy":"category","embeddable":true,"href":"https:\/\/www.ringen-mv.de\/index.php?rest_route=%2Fwp%2Fv2%2Fcategories&post=3967"},{"taxonomy":"post_tag","embeddable":true,"href":"https:\/\/www.ringen-mv.de\/index.php?rest_route=%2Fwp%2Fv2%2Ftags&post=3967"}],"curies":[{"name":"wp","href":"https:\/\/api.w.org\/{rel}","templated":true}]}}