{"id":3973,"date":"2015-12-21T19:42:17","date_gmt":"2015-12-21T18:42:17","guid":{"rendered":"http:\/\/www.sav-torgelow-ringen.de\/RV%20MV2\/wordpress_341-de\/wordpress\/?p=3973"},"modified":"2015-12-21T19:42:33","modified_gmt":"2015-12-21T18:42:33","slug":"loewen-gehen-diesmal-leer-aus","status":"publish","type":"post","link":"https:\/\/www.ringen-mv.de\/?p=3973","title":{"rendered":"\u201eL\u00f6wen\u201c gehen diesmal leer aus"},"content":{"rendered":"<p style=\"text-align: justify;\">F\u00fcr die Zweitliga<span class=\"bx\">\u2013<\/span>Ringer des RV L\u00fcbtheen hat es nach den gro\u00dfen Erfolgen der Vorjahre mit Vizemeisterschaft und Staffelsieg diesmal nicht zu einem Medaillenrang gereicht. Zum Saisonabschluss mussten sie sich dem direkten Konkurrenten im Kampf um Bronze, dem bis dahin punktgleichen RV Thalheim, mit 12:17 geschlagen geben. F\u00fcr Bert Compas kam die Niederlage nicht \u00fcberraschend. Der Vereinsvorsitzende des RVL war mit viel Skepsis in dieses Duell gegangen: \u201eWir sind alles andere als gut aufgestellt, werden sogar eine Gewichtsklasse gar nicht besetzen k\u00f6nnen.\u201c<\/p>\n<p style=\"text-align: justify;\"><!--more--><\/p>\n<p style=\"text-align: justify;\">Das bedeutete, dass die Lindenst\u00e4dter schon mit einer 0:4-Hypothek auf die Matte gingen. Dass sie dennoch auf eine ausgeglichene Kampfbilanz von f\u00fcnf Siegen und f\u00fcnf Niederlagen kamen, war aller Ehren wert. Den Ausschlag gab, dass drei der eigenen Erfolge knapp ausfielen, w\u00e4hrend die Thalheimer gleich viermal die H\u00f6chstbewertung von vier Z\u00e4hlern f\u00fcr sich verbuchen konnten.<\/p>\n<p style=\"text-align: justify;\">F\u00fcr einen Auftakt nach Ma\u00df sorgte aus L\u00fcbtheener Sicht Alexander Ginc (57 kg\/griechisch<span class=\"bx\">\u2013<\/span>r\u00f6misch), der einen gegnerischen Kopfwurf abfing und nach technisch sauberen Aktionen seinerseits nach nur gut anderthalb Minuten zum vorzeitigen Sieger gek\u00fcrt wurde (technische \u00dcberlegenheit = vier Punkte). Ohne Chance war Andreas Aurich (130 kg\/Freistil). Der Griechisch<span class=\"bx\">\u2013<\/span>r\u00f6misch<span class=\"bx\">\u2013<\/span>Spezialist, der den verhinderten Robert Glor vertrat, hatte Radoslaw Dublinowski wenig entgegenzusetzen. Als fragw\u00fcrdig stufte man im RVL<span class=\"bx\">\u2013<\/span>Lager die Disqualifizierung von Mitko Asenow (61 kg\/Fr.) wegen Passivit\u00e4t ein. Fakt blieb, vier weitere Z\u00e4hler gingen an den Gastgeber. Daniel Bankow (98 kg\/g.-r.) gab gegen den fr\u00fcheren Tschechischen Meister Petr Nowak einen Punkt ab. Eine vor allem taktisch clevere Vorstellung lieferte Anders Ekstr\u00f6m (66 kg\/Fr.) ab, der seinen ersten Sieg gegen die aus Torgelow stammende deutsche Nachwuchshoffnung Alexander Grebensikov feierte. Mit einem 9:5 f\u00fcr Thalheim ging\u2019s in die Pause.<\/p>\n<p style=\"text-align: justify;\">Die L\u00fcbtheener hatten sich entschieden, f\u00fcr ihren erkrankten deutschen A<span class=\"bx\">\u2013<\/span>Jugendmeister Alexander Biederst\u00e4dt in der Gewichtsklasse bis 86 kg (Fr.) Peter Gro\u00df zu bringen. Der musste die \u00dcberlegenheit des deutschen Juniorenmeisters Benjamin Opitz anerkennen. Das war gleichbedeutend mit der Entscheidung. Zwar rang Dennis Langner in einem umk\u00e4mpften Vergleich Dawid Takunow zwei Punkte ab. Doch anschlie\u00dfend kamen die von RVL<span class=\"bx\">\u2013<\/span>Seite nicht besetzten 86 kg (gr.-r.) zum Tragen \u2013 es hie\u00df 17:7, die Thalheimer Fans feierten. Was f\u00fcr die Mecklenburger blieb, war ein vers\u00f6hnlicher Abschluss. Fredrik Bjerrehuus (75 kg\/gr.-r.) bezwang seinen Dauerrivalen Tobias L\u00f6ffler in einem neuerlich engen Duell, und Martin Buhz (75 kg\/Fr.) pr\u00e4sentierte sich bei seinem Vier<span class=\"bx\">\u2013<\/span>Punkte<span class=\"bx\">\u2013<\/span>Erfolg als ausgezeichneter Vertreter f\u00fcr den am Kreuzband operierten Sebastian Nowak.<\/p>\n<p style=\"text-align: justify;\">Obwohl die L\u00fcbtheener nat\u00fcrlich gerne eine weitere Medaille eingefahren h\u00e4tten, zeigte sich Bert Compas auch mit dem vierten Platz durchaus zufrieden: \u201eWir waren wieder vorne dabei und das, obwohl wir mit deutlich mehr Verletzungsproblemen als in den Vorjahren zu k\u00e4mpfen hatten. Uns fehlte immer wieder einmal der ein oder andere Top<span class=\"bx\">\u2013<\/span>Mann und zudem in so mancher Situation das Gl\u00fcck.\u201c Mit Blick auf die n\u00e4chste Saison formulierte der RVL<span class=\"bx\">\u2013<\/span>Vorsitzende schon einmal eine Kampfansage an die Gegner: \u201eWir werden wieder eine schlagkr\u00e4ftige Truppe auf die Beine stellen, die ganz vorne mitringen kann \u2013 wir wollen uns den Titel zur\u00fcckholen.\u201c<\/p>\n","protected":false},"excerpt":{"rendered":"<p>F\u00fcr die Zweitliga\u2013Ringer des RV L\u00fcbtheen hat es nach den gro\u00dfen Erfolgen der Vorjahre mit Vizemeisterschaft und Staffelsieg diesmal nicht zu einem Medaillenrang gereicht. Zum Saisonabschluss mussten sie sich dem direkten Konkurrenten im Kampf um Bronze, dem bis dahin punktgleichen RV Thalheim, mit 12:17 geschlagen geben. F\u00fcr Bert<\/p>\n","protected":false},"author":1,"featured_media":0,"comment_status":"open","ping_status":"open","sticky":false,"template":"","format":"standard","meta":{"footnotes":""},"categories":[1,4],"tags":[],"class_list":["post-3973","post","type-post","status-publish","format-standard","hentry","category-allgemein","category-lubtheen"],"_links":{"self":[{"href":"https:\/\/www.ringen-mv.de\/index.php?rest_route=\/wp\/v2\/posts\/3973","targetHints":{"allow":["GET"]}}],"collection":[{"href":"https:\/\/www.ringen-mv.de\/index.php?rest_route=\/wp\/v2\/posts"}],"about":[{"href":"https:\/\/www.ringen-mv.de\/index.php?rest_route=\/wp\/v2\/types\/post"}],"author":[{"embeddable":true,"href":"https:\/\/www.ringen-mv.de\/index.php?rest_route=\/wp\/v2\/users\/1"}],"replies":[{"embeddable":true,"href":"https:\/\/www.ringen-mv.de\/index.php?rest_route=%2Fwp%2Fv2%2Fcomments&post=3973"}],"version-history":[{"count":3,"href":"https:\/\/www.ringen-mv.de\/index.php?rest_route=\/wp\/v2\/posts\/3973\/revisions"}],"predecessor-version":[{"id":3976,"href":"https:\/\/www.ringen-mv.de\/index.php?rest_route=\/wp\/v2\/posts\/3973\/revisions\/3976"}],"wp:attachment":[{"href":"https:\/\/www.ringen-mv.de\/index.php?rest_route=%2Fwp%2Fv2%2Fmedia&parent=3973"}],"wp:term":[{"taxonomy":"category","embeddable":true,"href":"https:\/\/www.ringen-mv.de\/index.php?rest_route=%2Fwp%2Fv2%2Fcategories&post=3973"},{"taxonomy":"post_tag","embeddable":true,"href":"https:\/\/www.ringen-mv.de\/index.php?rest_route=%2Fwp%2Fv2%2Ftags&post=3973"}],"curies":[{"name":"wp","href":"https:\/\/api.w.org\/{rel}","templated":true}]}}