{"id":3989,"date":"2016-01-09T06:59:07","date_gmt":"2016-01-09T05:59:07","guid":{"rendered":"http:\/\/www.sav-torgelow-ringen.de\/RV%20MV2\/wordpress_341-de\/wordpress\/?p=3989"},"modified":"2016-01-09T06:59:07","modified_gmt":"2016-01-09T05:59:07","slug":"kg-luebtheen-beendet-oberligasaison-auf-platz-3","status":"publish","type":"post","link":"https:\/\/www.ringen-mv.de\/?p=3989","title":{"rendered":"KG L\u00fcbtheen beendet Oberligasaison auf Platz 3"},"content":{"rendered":"<p style=\"text-align: justify;\">Anfang Dezember konnte die KG L\u00fcbtheen II, die Kampfgemeinschaft der Greifswalder, Torgelower und L\u00fcbtheener Ringer, im letzten Duell der Oberliga noch mal mit einem Sieg aufwarten und in Kiel die Kampfgemeinschaft Kiel\/L\u00fcbeck mit 15:12 bezwingen.<\/p>\n<p style=\"text-align: justify;\"><!--more--><\/p>\n<p style=\"text-align: justify;\">Die Greifswalder Artur Schmidt (98kg, FR) und Artur Leimann (66kg, GR) sowie die L\u00fcbtheener Silvio Klink (59kg, FR) und Alex Fuhr (70 kg, FR) konnten diesmal nicht punkten. F\u00fcr die KG L\u00fcbtheen erfolgreich waren die Greifswalder Ilian Marziev, Christoph Jarmer, Karl Marbach und Bahaeddin Moradi. Marziev siegte kampflos, da die Gastgeber die Klasse bis 75 kg nicht besetzen konnte. Moradi konnte im klassischen Stil im 130kg-Limit einen Punktsieg \u00fcber Varos Petkaiaen erzielen und seiner Mannschaft damit drei Punkte sichern. Und das, obwohl er deutlich weniger Gewicht auf die Waage brachte als sein Gegner. Marbach (85kg, GR) punktete mehrfach mit Armdreher und Rolle und beendete seine Begegnung mit einem deutlichen 15:0. Sein Sieg wegen technischer \u00dcberlegenheit brachte dem Team vier Mannschaftspunkte. Vor der letzten Begegnung des Abends stand es 12:11 f\u00fcr die Kieler. Alles war noch offen, der letzte Kampf sollte die Entscheidung bringen. Einen deutlichen Schlusspunkt setzte jedoch erneut Jarmer im freien Stil der 75kg-Klasse. Nach einem Beinangriff von Magamed Magamedov klammerte Jarmer sich an dessen Fu\u00df, sperrte den Kopf, nahm den Kieler in die Zange und zwang ihn gnadenlos unter dem Jubelschrei seiner Mannschaft auf den R\u00fccken. Mit diesem Schultersieg bescherte er der KG L\u00fcbtheen II vier weitere Mannschaftspunkte und damit den Sieg \u00fcber die KG Kiel\/L\u00fcbeck.<\/p>\n<p style=\"text-align: justify;\">Damit beendet das junge Team von Trainer Manfred Gro\u00df die Saison 2015 in der Oberliga Gruppe Nord auf dem dritten Platz. Eigentlich war man mit h\u00f6heren Erwartungen angetreten. Der zweite Platz h\u00e4tte es auch werden k\u00f6nnen, doch zur R\u00fcckrunde in Hamburg war der L\u00fcbtheener Teil der Mannschaft f\u00fcnf Minuten zu sp\u00e4t zum Wiegen erschienen. Zwar wurden die K\u00e4mpfe noch ausgetragen, aber die Begegnung ging dem Reglement entsprechend trotz aller Proteste mit einem 24:0 Sieg f\u00fcr die Hamburger in die Liste ein, obwohl die KG L\u00fcbtheen II mit 13:9 siegte. F\u00fcr das Team erfolgreich waren die Greifswalder Christoph Jarmer (75kg, GR, Technische \u00dcberlegenheit), Karl Marbach (85kg, GR, Punktsieg) und Bahaeddin Moradi (130kg, GR, Technische \u00dcberlegenheit) sowie der L\u00fcbtheener Alexander Biederst\u00e4dt (98 kg, FR, Technische \u00dcberlegenheit).<\/p>\n","protected":false},"excerpt":{"rendered":"<p>Anfang Dezember konnte die KG L\u00fcbtheen II, die Kampfgemeinschaft der Greifswalder, Torgelower und L\u00fcbtheener Ringer, im letzten Duell der Oberliga noch mal mit einem Sieg aufwarten und in Kiel die Kampfgemeinschaft Kiel\/L\u00fcbeck mit 15:12 bezwingen.<\/p>\n","protected":false},"author":1,"featured_media":3906,"comment_status":"open","ping_status":"open","sticky":false,"template":"","format":"standard","meta":{"footnotes":""},"categories":[9,4,8],"tags":[],"class_list":["post-3989","post","type-post","status-publish","format-standard","has-post-thumbnail","hentry","category-greifswald","category-lubtheen","category-torgelow"],"_links":{"self":[{"href":"https:\/\/www.ringen-mv.de\/index.php?rest_route=\/wp\/v2\/posts\/3989","targetHints":{"allow":["GET"]}}],"collection":[{"href":"https:\/\/www.ringen-mv.de\/index.php?rest_route=\/wp\/v2\/posts"}],"about":[{"href":"https:\/\/www.ringen-mv.de\/index.php?rest_route=\/wp\/v2\/types\/post"}],"author":[{"embeddable":true,"href":"https:\/\/www.ringen-mv.de\/index.php?rest_route=\/wp\/v2\/users\/1"}],"replies":[{"embeddable":true,"href":"https:\/\/www.ringen-mv.de\/index.php?rest_route=%2Fwp%2Fv2%2Fcomments&post=3989"}],"version-history":[{"count":1,"href":"https:\/\/www.ringen-mv.de\/index.php?rest_route=\/wp\/v2\/posts\/3989\/revisions"}],"predecessor-version":[{"id":3990,"href":"https:\/\/www.ringen-mv.de\/index.php?rest_route=\/wp\/v2\/posts\/3989\/revisions\/3990"}],"wp:featuredmedia":[{"embeddable":true,"href":"https:\/\/www.ringen-mv.de\/index.php?rest_route=\/wp\/v2\/media\/3906"}],"wp:attachment":[{"href":"https:\/\/www.ringen-mv.de\/index.php?rest_route=%2Fwp%2Fv2%2Fmedia&parent=3989"}],"wp:term":[{"taxonomy":"category","embeddable":true,"href":"https:\/\/www.ringen-mv.de\/index.php?rest_route=%2Fwp%2Fv2%2Fcategories&post=3989"},{"taxonomy":"post_tag","embeddable":true,"href":"https:\/\/www.ringen-mv.de\/index.php?rest_route=%2Fwp%2Fv2%2Ftags&post=3989"}],"curies":[{"name":"wp","href":"https:\/\/api.w.org\/{rel}","templated":true}]}}