{"id":407,"date":"2012-09-19T08:21:36","date_gmt":"2012-09-19T06:21:36","guid":{"rendered":"http:\/\/www.sav-torgelow-ringen.de\/RV%20MV2\/wordpress_341-de\/wordpress\/?p=407"},"modified":"2012-09-21T13:08:52","modified_gmt":"2012-09-21T11:08:52","slug":"oberligaheimkampf-in-torgelow","status":"publish","type":"post","link":"https:\/\/www.ringen-mv.de\/?p=407","title":{"rendered":"Oberligaheimkampf in Torgelow"},"content":{"rendered":"<p>Nur einen Heimkampf der Kampfgemeinschaft Vorpommern wird zun\u00e4chst der SAV Torgelow in der Oberliga Nordost der Gruppe Nord ausrichten k\u00f6nnen und der findet jetzt am Sonnabend (22.09.2012) in der Vereinsporthalle in Torgelow-Spechtberg Franz-Schubert Stra\u00dfe statt.<\/p>\n<p><!--more--><\/p>\n<p>Eventuell kommt ja bei einer vorderen Platzierung in der Tabelle noch ein weiteres Duell f\u00fcr die Ueckerst\u00e4dter dazu. Ansonsten finden n\u00e4mlich die anderen K\u00e4mpfe beim Partner in Greifswald ihre Durchf\u00fchrung.<\/p>\n<p>So laufen aber nun die Vorbereitungen f\u00fcr das Kampfduell KG Vorpommern gegen Weddinger RV Berlin auf vollen Touren. Zun\u00e4chst ist man nat\u00fcrlich bem\u00fcht seinem Publikum das st\u00e4rkste Team zu pr\u00e4sentieren und die Zeichen das alle Mann an Bord sind stehen gut. Ein, zwei Ver\u00e4nderung wird es wohl noch geben aber man hofft vor allem dass der Nachwuchs fit ist und die Medaillengewinner der Jugend DM wieder die wichtigen Punkte holen wird. Meister Andrej Ginc, Vizemeister Anthony Foth und die Bronzemedaillengewinner der DM Alexander Ginc und Ilian Marziev sollen bei Bestform die Anh\u00e4nger mit unbek\u00fcmmerten Angriffen begeistern.<\/p>\n<p>Bereits ab 17 Uhr wird es f\u00fcr die Partner der Ringer ein gem\u00fctliches Treffen geben ehe dann ab 19 Uhr der Anpfiff zum Kampf gegen die Bundeshauptst\u00e4dter beginnt.<\/p>\n<p>Wedding ist schlecht in die Saison gestartet, eine Niederlage gegen Luftfahrt Berlin und ein Unentschieden beim TRV Berlin sind nicht der Anspruch dieses Teams. Trotzdem wird man die Mannschaft nicht untersch\u00e4tzen und sehr konzentriert an diese Heimaufgabe gehen.<\/p>\n<p>&nbsp;<\/p>\n<p>Uwe Bremer<\/p>\n","protected":false},"excerpt":{"rendered":"<p>Nur einen Heimkampf der Kampfgemeinschaft Vorpommern wird zun\u00e4chst der SAV Torgelow in der Oberliga Nordost der Gruppe Nord ausrichten k\u00f6nnen und der findet jetzt am Sonnabend (22.09.2012) in der Vereinsporthalle in Torgelow-Spechtberg Franz-Schubert Stra\u00dfe statt.<\/p>\n","protected":false},"author":2,"featured_media":0,"comment_status":"open","ping_status":"open","sticky":false,"template":"","format":"standard","meta":{"footnotes":""},"categories":[9,8],"tags":[],"class_list":["post-407","post","type-post","status-publish","format-standard","hentry","category-greifswald","category-torgelow"],"_links":{"self":[{"href":"https:\/\/www.ringen-mv.de\/index.php?rest_route=\/wp\/v2\/posts\/407","targetHints":{"allow":["GET"]}}],"collection":[{"href":"https:\/\/www.ringen-mv.de\/index.php?rest_route=\/wp\/v2\/posts"}],"about":[{"href":"https:\/\/www.ringen-mv.de\/index.php?rest_route=\/wp\/v2\/types\/post"}],"author":[{"embeddable":true,"href":"https:\/\/www.ringen-mv.de\/index.php?rest_route=\/wp\/v2\/users\/2"}],"replies":[{"embeddable":true,"href":"https:\/\/www.ringen-mv.de\/index.php?rest_route=%2Fwp%2Fv2%2Fcomments&post=407"}],"version-history":[{"count":7,"href":"https:\/\/www.ringen-mv.de\/index.php?rest_route=\/wp\/v2\/posts\/407\/revisions"}],"predecessor-version":[{"id":441,"href":"https:\/\/www.ringen-mv.de\/index.php?rest_route=\/wp\/v2\/posts\/407\/revisions\/441"}],"wp:attachment":[{"href":"https:\/\/www.ringen-mv.de\/index.php?rest_route=%2Fwp%2Fv2%2Fmedia&parent=407"}],"wp:term":[{"taxonomy":"category","embeddable":true,"href":"https:\/\/www.ringen-mv.de\/index.php?rest_route=%2Fwp%2Fv2%2Fcategories&post=407"},{"taxonomy":"post_tag","embeddable":true,"href":"https:\/\/www.ringen-mv.de\/index.php?rest_route=%2Fwp%2Fv2%2Ftags&post=407"}],"curies":[{"name":"wp","href":"https:\/\/api.w.org\/{rel}","templated":true}]}}