{"id":4216,"date":"2016-05-02T08:24:04","date_gmt":"2016-05-02T06:24:04","guid":{"rendered":"http:\/\/www.sav-torgelow-ringen.de\/RV%20MV2\/wordpress_341-de\/wordpress\/?p=4216"},"modified":"2016-05-02T08:24:04","modified_gmt":"2016-05-02T06:24:04","slug":"mission-titelverteidigungen-nur-zur-haelfte-geglueckt","status":"publish","type":"post","link":"https:\/\/www.ringen-mv.de\/?p=4216","title":{"rendered":"Mission Titelverteidigungen nur zur H\u00e4lfte gegl\u00fcckt"},"content":{"rendered":"<p style=\"text-align: justify\">Am Wochenende fanden die Mitteldeutschen Meisterschaftender M\u00e4nner im freien und griechisch \u2013 r\u00f6mischen Ringkampf in Luckenwalde statt. F\u00fcr den Landesverband Mecklenburg &#8211; Vorpommern starteten die beiden Stralsunder Ringerbr\u00fcder Tom und Rolf Linke. Tom rang im Halbschwergewicht -85 kg. Im ersten Kampf musste er sich Kevin Mehlhorn vom RSV Gelenau auseinandersetzen, es war ein Kampf auf Augenh\u00f6he am Ende hie\u00df es 1 : 1. Da Tom die letzte Wertung abgegeben hatte verlor er den Kampf.<!--more--><br \/>\nDen zweiten Vorrundenkampf konnte er mit 8 : 0 nach technischer \u00dcberlegenheit gegen Johannes Schmiege vom RC Potsdam gewinnen. Im kleinen Finale um Platz Drei musste er wieder gegen seinen alten Trainingskameraden und besten Kumpel Francis Weinhold vom KSV Pausa antreten. Hier zeigte er einen tollen Kampf und siegte mit einer anst\u00e4ndigen Willensleistung mit 5 : 2. Rolf Linke trat wieder im Schwergewicht \u2013 98 kg an. Im ersten Kampf besiegte er Tom Zymara vom KFC Leipzig nach technischer \u00dcberlegenheit mit 10 : 2. Die zweite Begegnung gewann er gegen Thomas Leffler vom RSV Greiz mit einen wundersch\u00f6nen \u00dcberwurf 6 : 2. Den dritten Kampf rang Rolf gegen Martin Kretschmar vom AC Werdau, auch diesen besiegte er nach technischer \u00dcberlegenheit mit 9 : 0. So erk\u00e4mpfte er auch in diesem Jahr den Mitteldeutschen Meistertitel und verteidigte diesen aus dem Vorjahr. Jetzt hei\u00dft es f\u00fcr Beide alle Kraft zu b\u00fcndeln um sich auf die Deutschen Meisterschaften vorzubereiten.<\/p>\n","protected":false},"excerpt":{"rendered":"<p>Am Wochenende fanden die Mitteldeutschen Meisterschaftender M\u00e4nner im freien und griechisch \u2013 r\u00f6mischen Ringkampf in Luckenwalde statt. F\u00fcr den Landesverband Mecklenburg &#8211; Vorpommern starteten die beiden Stralsunder Ringerbr\u00fcder Tom und Rolf Linke. Tom rang im Halbschwergewicht -85 kg. Im ersten Kampf musste er sich Kevin Mehlhorn vom RSV<\/p>\n","protected":false},"author":2,"featured_media":4217,"comment_status":"open","ping_status":"open","sticky":false,"template":"","format":"standard","meta":{"footnotes":""},"categories":[16],"tags":[],"class_list":["post-4216","post","type-post","status-publish","format-standard","has-post-thumbnail","hentry","category-stralsund"],"_links":{"self":[{"href":"https:\/\/www.ringen-mv.de\/index.php?rest_route=\/wp\/v2\/posts\/4216","targetHints":{"allow":["GET"]}}],"collection":[{"href":"https:\/\/www.ringen-mv.de\/index.php?rest_route=\/wp\/v2\/posts"}],"about":[{"href":"https:\/\/www.ringen-mv.de\/index.php?rest_route=\/wp\/v2\/types\/post"}],"author":[{"embeddable":true,"href":"https:\/\/www.ringen-mv.de\/index.php?rest_route=\/wp\/v2\/users\/2"}],"replies":[{"embeddable":true,"href":"https:\/\/www.ringen-mv.de\/index.php?rest_route=%2Fwp%2Fv2%2Fcomments&post=4216"}],"version-history":[{"count":2,"href":"https:\/\/www.ringen-mv.de\/index.php?rest_route=\/wp\/v2\/posts\/4216\/revisions"}],"predecessor-version":[{"id":4219,"href":"https:\/\/www.ringen-mv.de\/index.php?rest_route=\/wp\/v2\/posts\/4216\/revisions\/4219"}],"wp:featuredmedia":[{"embeddable":true,"href":"https:\/\/www.ringen-mv.de\/index.php?rest_route=\/wp\/v2\/media\/4217"}],"wp:attachment":[{"href":"https:\/\/www.ringen-mv.de\/index.php?rest_route=%2Fwp%2Fv2%2Fmedia&parent=4216"}],"wp:term":[{"taxonomy":"category","embeddable":true,"href":"https:\/\/www.ringen-mv.de\/index.php?rest_route=%2Fwp%2Fv2%2Fcategories&post=4216"},{"taxonomy":"post_tag","embeddable":true,"href":"https:\/\/www.ringen-mv.de\/index.php?rest_route=%2Fwp%2Fv2%2Ftags&post=4216"}],"curies":[{"name":"wp","href":"https:\/\/api.w.org\/{rel}","templated":true}]}}