{"id":4260,"date":"2016-05-30T12:38:39","date_gmt":"2016-05-30T10:38:39","guid":{"rendered":"http:\/\/www.sav-torgelow-ringen.de\/RV%20MV2\/wordpress_341-de\/wordpress\/?p=4260"},"modified":"2016-05-30T12:40:07","modified_gmt":"2016-05-30T10:40:07","slug":"festakt-125-jahre-deutscher-ringer-bund","status":"publish","type":"post","link":"https:\/\/www.ringen-mv.de\/?p=4260","title":{"rendered":"Festakt 125 Jahre Deutscher Ringer- Bund"},"content":{"rendered":"<p style=\"text-align: justify\"><a href=\"http:\/\/www.ringen-mv.de\/wp-content\/uploads\/2016\/05\/IMG_20160530_115821.jpg\" rel=\"attachment wp-att-4261\"><img loading=\"lazy\" decoding=\"async\" class=\"alignleft size-medium wp-image-4261\" src=\"http:\/\/www.ringen-mv.de\/wp-content\/uploads\/2016\/05\/IMG_20160530_115821-201x300.jpg\" alt=\"IMG_20160530_115821\" width=\"201\" height=\"300\" srcset=\"https:\/\/www.ringen-mv.de\/wp-content\/uploads\/2016\/05\/IMG_20160530_115821-201x300.jpg 201w, https:\/\/www.ringen-mv.de\/wp-content\/uploads\/2016\/05\/IMG_20160530_115821.jpg 429w\" sizes=\"auto, (max-width: 201px) 100vw, 201px\" \/><\/a>Deutsche Ringer pr\u00e4sentierten sich in festlichem Licht<\/p>\n<p style=\"text-align: justify\">Saarbr\u00fccken \u2013 Die deutschen Ringer sind derzeit in Feierlaune, mit insgesamt 7 Olympiatickets f\u00fcr Rio 2016 best\u00fcckt, begingen die Kampfsportler am Wochenende das 125. Gr\u00fcndungsjahr des Deutschen Ringer- Bundes, wo in Saarbr\u00fccken die j\u00fcngsten- aber auch zur\u00fcckliegenden Erfolge deutscher Ringer pr\u00e4sentiert wurden.<\/p>\n<p style=\"text-align: justify\"><!--more-->Die Delegierten aus den Landesorganisationen gaben am Freitag den Startschuss mit dem Deutschen Ringertag. Ein Thema, dass vielen Verantwortlichen auf den N\u00e4geln brannte, war der Streit zwischen den Erstligisten und dem Dachverband. Doch DRB-Pr\u00e4sident Manfred Werner konnte Entwarnung geben, Tags zuvor hatte der Vorstand und eine Abordnung der Bundesligavereine eine Einigung erzielt. Danach werden im kommenden Jahr drei Finalk\u00e4mpfe ausgetragen, mit Hin- und R\u00fcckkampf der Finalisten, sowie einen abschlie\u00dfenden Finalduell, dass unter Federf\u00fchrung des Deutschen Ringer- Bundes in Aschaffenburg ausgetragen wird. \u201eDa nach internationalem Wertungssystem gerungen wird, bleibt es auch mit dem 3. Finale spannend\u201c, so DRB-Vizepr\u00e4sident f\u00fcr Bundesligaangelegenheiten Ralf Diener.<\/p>\n<p style=\"text-align: justify\">Der gastgebende Landes- Verband lud die Delegierten am Abend, zum Saarl\u00e4ndischen Abend ein, wo der langj\u00e4hrige, saarl\u00e4ndische Sportfunktion\u00e4r Gerd Meyer Ehrenmitglied des Deutschen Ringer- Bundes wurde.<\/p>\n<p style=\"text-align: justify\">Am Samstag folgte ein L\u00e4nderk\u00e4mpf, bei dem eine deutsche Auswahl von Freistilringern, Griechisch-R\u00f6misch-Spezialisten und Frauen, gegen eine gemischte Mannschaft aus \u00f6sterreichischen- und franz\u00f6sischen Ringern antrat. Die deutschen Ringer mit Weltmeister Frank St\u00e4bler (TSV Musberg) und der Weltmeisterin von 2014 Aline Focken (KSV Krefeld) gewannen am Ende den freundschaftlichen Vergleich vor 500 Zuschauern mit deutlichem Vorsprung von 8:2 Siegen.<\/p>\n<p style=\"text-align: justify\">Richtig feierlich wurde es am Samstagabend, als selbst der Pr\u00e4sident des DOSB Alfons H\u00f6rmann und die\u00a0 Ministerpr\u00e4sidentin des Saarlandes Annegret Kramp-Karrenbauer, aber auch der Pr\u00e4sident des Ringer-Weltverbandes United World Wrestling (UWW) Nenad Lalovic, sowie Abordnungen der \u00f6sterreichischen- und franz\u00f6sischen Ringer- Verb\u00e4nde Gl\u00fcckw\u00fcnsche \u00fcberbrachten. Sehr gut moderiert wurde der Abend von Roman Bonnaire, der mit zwei Talkrunden Alfred H\u00f6rmann,\u00a0 Annegret Kramp-Karrenbauer, aber auch Aline Focken und Frank St\u00e4bler Interessantes aus Sport, Politik, aber auch aus dem Privatleben entlockte.<\/p>\n<p style=\"text-align: justify\">Zahlreiche Medaillengewinner bei Olympischen Spielen und Weltmeister waren eingeladen und pr\u00e4sentierten eindrucksvoll die erfolgreiche Historie des deutschen Ringkampfsportes.<br \/>\nDer Abend in der Congresshalle Saarbr\u00fccken ging in sch\u00f6ner Atmosph\u00e4re bei Musik und Tanz, aber auch mit Geschichten aus alten- und j\u00fcngeren Ringerzeiten zu Ende.<br \/>\n<span class=\"HOEnZb\"><span style=\"color: #888888\"><span style=\"color: #888888\"><span style=\"color: #888888\"><br \/>\nJ\u00f6rg Richter<\/span><\/span><\/span><\/span><\/p>\n","protected":false},"excerpt":{"rendered":"<p>Deutsche Ringer pr\u00e4sentierten sich in festlichem Licht Saarbr\u00fccken \u2013 Die deutschen Ringer sind derzeit in Feierlaune, mit insgesamt 7 Olympiatickets f\u00fcr Rio 2016 best\u00fcckt, begingen die Kampfsportler am Wochenende das 125. Gr\u00fcndungsjahr des Deutschen Ringer- Bundes, wo in Saarbr\u00fccken die j\u00fcngsten- aber auch zur\u00fcckliegenden Erfolge deutscher Ringer pr\u00e4sentiert<\/p>\n","protected":false},"author":2,"featured_media":0,"comment_status":"open","ping_status":"open","sticky":false,"template":"","format":"standard","meta":{"footnotes":""},"categories":[1],"tags":[],"class_list":["post-4260","post","type-post","status-publish","format-standard","hentry","category-allgemein"],"_links":{"self":[{"href":"https:\/\/www.ringen-mv.de\/index.php?rest_route=\/wp\/v2\/posts\/4260","targetHints":{"allow":["GET"]}}],"collection":[{"href":"https:\/\/www.ringen-mv.de\/index.php?rest_route=\/wp\/v2\/posts"}],"about":[{"href":"https:\/\/www.ringen-mv.de\/index.php?rest_route=\/wp\/v2\/types\/post"}],"author":[{"embeddable":true,"href":"https:\/\/www.ringen-mv.de\/index.php?rest_route=\/wp\/v2\/users\/2"}],"replies":[{"embeddable":true,"href":"https:\/\/www.ringen-mv.de\/index.php?rest_route=%2Fwp%2Fv2%2Fcomments&post=4260"}],"version-history":[{"count":5,"href":"https:\/\/www.ringen-mv.de\/index.php?rest_route=\/wp\/v2\/posts\/4260\/revisions"}],"predecessor-version":[{"id":4266,"href":"https:\/\/www.ringen-mv.de\/index.php?rest_route=\/wp\/v2\/posts\/4260\/revisions\/4266"}],"wp:attachment":[{"href":"https:\/\/www.ringen-mv.de\/index.php?rest_route=%2Fwp%2Fv2%2Fmedia&parent=4260"}],"wp:term":[{"taxonomy":"category","embeddable":true,"href":"https:\/\/www.ringen-mv.de\/index.php?rest_route=%2Fwp%2Fv2%2Fcategories&post=4260"},{"taxonomy":"post_tag","embeddable":true,"href":"https:\/\/www.ringen-mv.de\/index.php?rest_route=%2Fwp%2Fv2%2Ftags&post=4260"}],"curies":[{"name":"wp","href":"https:\/\/api.w.org\/{rel}","templated":true}]}}