{"id":4357,"date":"2016-08-29T14:55:02","date_gmt":"2016-08-29T12:55:02","guid":{"rendered":"http:\/\/www.sav-torgelow-ringen.de\/RV%20MV2\/wordpress_341-de\/wordpress\/?p=4357"},"modified":"2016-08-29T14:56:54","modified_gmt":"2016-08-29T12:56:54","slug":"alexander-ginc-nimmt-an-de-junioren-weltmeisterschaften-teil","status":"publish","type":"post","link":"https:\/\/www.ringen-mv.de\/?p=4357","title":{"rendered":"Alexander Ginc nimmt an den Junioren-Weltmeisterschaften teil"},"content":{"rendered":"<p>J<a href=\"http:\/\/www.ringen-mv.de\/wp-content\/uploads\/2016\/08\/20150903_ginc_0069.jpg\"><img loading=\"lazy\" decoding=\"async\" class=\"alignleft size-medium wp-image-4358\" src=\"http:\/\/www.ringen-mv.de\/wp-content\/uploads\/2016\/08\/20150903_ginc_0069-200x300.jpg\" alt=\"20150903_ginc_0069\" width=\"200\" height=\"300\" srcset=\"https:\/\/www.ringen-mv.de\/wp-content\/uploads\/2016\/08\/20150903_ginc_0069-200x300.jpg 200w, https:\/\/www.ringen-mv.de\/wp-content\/uploads\/2016\/08\/20150903_ginc_0069.jpg 427w\" sizes=\"auto, (max-width: 200px) 100vw, 200px\" \/><\/a>unioren-Weltmeisterschaften vom 30.8.-4.9.2016 in Macon (FRA)<\/p>\n<p>Macon \u2013 Das olympische Feuer von Rio ist gerade erst erloschen, da stehen die n\u00e4chsten, sportlichen H\u00f6hepunkte f\u00fcr die Ringer und Ringerinnen an. So testet vom 30.8. bis 4.9 die Generation 2020 bei den Junioren-Weltmeisterschaften in Macon (FRA) ihr K\u00f6nnen. F\u00fcr die franz\u00f6sischen Organisatoren sind diese Titelk\u00e4mpfe schon einmal eine Generalprobe, nachdem die Weltmeisterschaft 2017 vom Ringer-Weltverband UWW nach Paris vergeben wurde.<br \/>\n<!--more--><br \/>\nDen Startschuss zu den Weltmeisterschaften der Junioren geben in Macon die Griechisch-R\u00f6misch-Spezialisten. Nachwuchs-Bundestrainer Maik Bullmann reist mit 4 Startern und einen &#8218;Ersatzringer&#8216; nach Frankreich, wobei einmal mehr die gr\u00f6\u00dften Hoffnungen auf den Schultern des Saarl\u00e4nders Etienne Kinsinger (60 kg\/KSV K\u00f6llerbach) lasten, der auch schon bei den diesj\u00e4hrigen Europameisterschaften in dieser Altersklasse Bronze gewann.<br \/>\nWeiterhin schickt Maik Bullmann den S\u00fcdbadener Julian Neumaier (84 kg\/KSV Hofstetten), sowie Roland Schwarz (74 kg\/ASC Bindlach) auf die Matte, der bei den Europameisterschaften eine Medaille verfehlte und Platz 5 erreichte. J\u00fcngster, deutscher Starter ist Alexander Ginc (50 kg\/SAV Torgelow), der erst in diesem Jahr von den Kadetten- und den Juniorenbereich aufr\u00fcckte. Im Vorjahr erreichte der Ringer aus Torgelow, der am Leistungszentrum in Frankfurt(O.) trainiert, den 5. Platz bei den Europameisterschaften der Kadetten in Subotica (SRB). Als Ersatzringer hat der Nachwuchs-Bundestrainer Arian G\u00fcney (KSV Ispringen) vorgesehen.<\/p>\n<p>Eine nahezu volle Mannschaft schickt am Donnerstag und Freitag Rainer Kamm auf die Matten, der sich als Bundestrainer f\u00fcr den weiblichen Juniorenbereich verantwortlich zeigt. Schon bei den Europameisterschaften 2016 sahnten die jungen Damen ordentlich Medaillen ab und schoben sich in der Endabrechnung der Nationen auf einen hervorragenden 3. Rang, allen voran Elena Brugger (51 kg\/TuS Adelhausen), die den EM-Titel mit nach Hause brachte. Das bei den Weltmeisterschaften die Trauben weitaus h\u00f6her h\u00e4ngen, wissen Athletinnen und Trainer, dennoch gibt es auch in Macon Hoffnungen auf Edelmetall.<br \/>\nLaura Schmitt (44 kg\/KSV Kirrlach), Annika Wendle (48 kg\/ASV Altenheim), Debora Lawnitzak (55 kg\/SV Luftfahrt Berlin), Viviane Herda (59 kg\/AC \u00dcckerath), Luzie Manzke (63 kg) und Francy R\u00e4delt (72 kg\/beide RSV Hansa 90 Frankfurt\/O.) vervollst\u00e4ndigen das Team der Juniorinnen um Europameisterin Elena Brugger bei den Welttitelk\u00e4mpfen in Macon. Luzie Manzke und Francy R\u00e4delt erk\u00e4mpften bei den Europameisterschaften in Bukarest (ROU) Silbermedaillen, Annika Wendle hielt in der rum\u00e4nischen Hauptstadt EM-Bronze in den H\u00e4nden.<\/p>\n<p>Das Wochenende geh\u00f6rt den Freistilringern. Allen voran will Erik Thiele (96 kg\/KFC Leipzig) zum Abschluss der schwierigen Saison noch einmal um eine Medaille k\u00e4mpfen, nachdem er bei den M\u00e4nnern als Youngster EM-Bronze 2016 in Riga (LAT) gewann. Bei den Qualifikationsturnieren um eine Fahrkarte nach Rio scheiterte der junge Ringer, der nun noch einmal das Podium bei den Junioren anpeilt. Viktor Lyzen (50 kg\/SV Triberg), Benjamin Opitz (84 kg\/RV Thalheim) und Marcel B\u00f6hme (120 kg\/RV Thalheim) sind die weiteren Starter, die Nachwuchs-Bundestrainer J\u00fcrgen Scheibe in Macon auf die Matte schickt.<\/p>\n<p>Die Mannschaften des DRB:<br \/>\nGriechisch-r\u00f6mischer Stil:<br \/>\n55 kg: Alexander Ginc (SAV Torgelow)<br \/>\n60 kg: Etienne Kinsinger (KSV K\u00f6llerbach)<br \/>\n74 kg: Roland Schwarz (ASC Bindlach)<br \/>\n84 kg: Julian Neumaier (KSV Hofstetten)<\/p>\n<p>Juniorinnen:<br \/>\n44 kg: Laura Schmitt (KSV Kirrlach)<br \/>\n48 kg: Annika Wendle (ASV Altenheim)<br \/>\n51 kg: Elena Brugger (TuS Adelhausen)<br \/>\n55 kg: Debora Lawnitzak (SV Luftfahrt Berlin)<br \/>\n59 kg: Viviane Herda (AC \u00dcckerath)<br \/>\n63 kg: Luzie Manzke (RSV Hansa 90 Frankfurt\/O.)<br \/>\n72\u00a0 kg: Francy R\u00e4delt (RSV Hansa 90 Frankfurt\/O.)<\/p>\n<p>Freistil:<br \/>\n55 kg: Viktor Lyzen (SV Triberg)<br \/>\n84 kg: Bejamin Opitz (RV Thalheim)<br \/>\n96 kg: Erik Thiele (KFC Leipzig)<br \/>\n120 kg: Marcel B\u00f6hme (RV Thalheim).<\/p>\n<p>WM-Zeitplan:<br \/>\nDienstag, 30.8.<br \/>\nGR \/ Gewichtsklassen: 50, 60, 74, 96 kg<br \/>\n10-15 Uhr Qualifikations- und Hoffnungsrunden<br \/>\n19-19:30 Uhr Er\u00f6ffnung<br \/>\n19:30-21:30 Uhr Finals<\/p>\n<p>Mittwoch, 31.8.<br \/>\nGR \/ Gewichtsklassen: 55, 66, 84, 120 kg<br \/>\n10-15 Uhr Qualifikations- und Hoffnungsrunden<br \/>\n18-20 Uhr Finals<\/p>\n<p>Donnerstag, 1.9.<br \/>\nFW \/ Gewichtsklassen: 44, 51, 59, 67 kg<br \/>\n10-15 Uhr Qualifikations- und Hoffnungsrunden<br \/>\n18-20 Uhr Finals<\/p>\n<p>Freitag, 2.9.<br \/>\nFW \/ Gewichtsklassen: 48, 55, 63, 72 kg<br \/>\n10-15 Uhr Qualifikations- und Hoffnungsrunden<br \/>\n18-20 Uhr Finals<\/p>\n<p>Samstag, 3.9.<br \/>\nFR \/ Gewichtsklassen: 50, 60, 74, 96 kg<br \/>\n10-15 Uhr Qualifikations- und Hoffnungsrunden<br \/>\n18-20 Uhr Finals<\/p>\n<p>Sonntag, 4.9.<br \/>\nFR \/ Gewichtsklassen: 55, 66, 84, 120 kg<br \/>\n10-15 Uhr Qualifikations- und Hoffnungsrunden<br \/>\n18-20 Uhr Finals<br \/>\nab 20 Uhr Abschlussveranstaltung<\/p>\n<p>&nbsp;<\/p>\n<p>J\u00f6rg Richter<\/p>\n","protected":false},"excerpt":{"rendered":"<p>Junioren-Weltmeisterschaften vom 30.8.-4.9.2016 in Macon (FRA) Macon \u2013 Das olympische Feuer von Rio ist gerade erst erloschen, da stehen die n\u00e4chsten, sportlichen H\u00f6hepunkte f\u00fcr die Ringer und Ringerinnen an. So testet vom 30.8. bis 4.9 die Generation 2020 bei den Junioren-Weltmeisterschaften in Macon (FRA) ihr K\u00f6nnen. F\u00fcr die<\/p>\n","protected":false},"author":2,"featured_media":0,"comment_status":"open","ping_status":"open","sticky":false,"template":"","format":"standard","meta":{"footnotes":""},"categories":[8],"tags":[],"class_list":["post-4357","post","type-post","status-publish","format-standard","hentry","category-torgelow"],"_links":{"self":[{"href":"https:\/\/www.ringen-mv.de\/index.php?rest_route=\/wp\/v2\/posts\/4357","targetHints":{"allow":["GET"]}}],"collection":[{"href":"https:\/\/www.ringen-mv.de\/index.php?rest_route=\/wp\/v2\/posts"}],"about":[{"href":"https:\/\/www.ringen-mv.de\/index.php?rest_route=\/wp\/v2\/types\/post"}],"author":[{"embeddable":true,"href":"https:\/\/www.ringen-mv.de\/index.php?rest_route=\/wp\/v2\/users\/2"}],"replies":[{"embeddable":true,"href":"https:\/\/www.ringen-mv.de\/index.php?rest_route=%2Fwp%2Fv2%2Fcomments&post=4357"}],"version-history":[{"count":2,"href":"https:\/\/www.ringen-mv.de\/index.php?rest_route=\/wp\/v2\/posts\/4357\/revisions"}],"predecessor-version":[{"id":4360,"href":"https:\/\/www.ringen-mv.de\/index.php?rest_route=\/wp\/v2\/posts\/4357\/revisions\/4360"}],"wp:attachment":[{"href":"https:\/\/www.ringen-mv.de\/index.php?rest_route=%2Fwp%2Fv2%2Fmedia&parent=4357"}],"wp:term":[{"taxonomy":"category","embeddable":true,"href":"https:\/\/www.ringen-mv.de\/index.php?rest_route=%2Fwp%2Fv2%2Fcategories&post=4357"},{"taxonomy":"post_tag","embeddable":true,"href":"https:\/\/www.ringen-mv.de\/index.php?rest_route=%2Fwp%2Fv2%2Ftags&post=4357"}],"curies":[{"name":"wp","href":"https:\/\/api.w.org\/{rel}","templated":true}]}}