{"id":4579,"date":"2017-03-27T11:58:24","date_gmt":"2017-03-27T09:58:24","guid":{"rendered":"http:\/\/www.sav-torgelow-ringen.de\/RV%20MV2\/wordpress_341-de\/wordpress\/?p=4579"},"modified":"2017-05-08T14:10:24","modified_gmt":"2017-05-08T12:10:24","slug":"dm-weibliche-jugend-m-v-ganz-vorne","status":"publish","type":"post","link":"https:\/\/www.ringen-mv.de\/?p=4579","title":{"rendered":"DM weibliche Jugend &#8211; Grandiose Leistung unserer  Ringkampf\u2013Ladies"},"content":{"rendered":"<div class=\"moz-text-html\" lang=\"x-unicode\">\n<p>Was f\u00fcr ein sensationelles Ergebnis: der Ringerverband Mecklenburg-Vorpommern gewinnt die L\u00e4nderwertung bei den Deutschen Meisterschaften der weiblichen Jugend in B\u00f6nen (NRW), vor Hessen und S\u00fcdbaden.<br \/>\n3 mal Gold durch Rebekka March (40 kg), Elina L\u00fcttge (46 kg) und Josefine Purschke (52 kg) alle vom SV Warnem\u00fcnde. Silber gab es f\u00fcr Angelina Purschke (49 kg\/Warnem\u00fcnde) und Bronze f\u00fcr Anastasia von Steuben (49 kg\/Torgelow). Knapp an Edelmetall vorbei landet Luisa Scheel (56 kg\/L\u00fcbtheen) auf Platz 4.<\/p>\n<p><!--more--><\/p>\n<p>Dazu kommen noch weitere gute Platzierungen.<br \/>\nEin gro\u00dfer Dank geht nat\u00fcrlich auch an die Trainer von der Sportschule in Frankfurt\/Oder, diese trainieren einen gro\u00dfen Teil der M\u00e4dels aus M-V.<\/p>\n<p><a href=\"http:\/\/www.ringen-mv.de\/wp-content\/uploads\/2017\/03\/DM-2017-WJ-LF.pdf\">Ergebnisse &#8211; gesamter Wettkampf<\/a><\/p>\n<p><a href=\"https:\/\/get.google.com\/albumarchive\/105882088140256014177\/album\/AF1QipO-F34lpGzYYOzWIZR4HVbcVjynzy6ZvKrZdt5f\">Fotos<\/a><\/p>\n<div id=\"attachment_4581\" style=\"width: 310px\" class=\"wp-caption alignleft\"><a href=\"http:\/\/www.ringen-mv.de\/wp-content\/uploads\/2017\/03\/Team-M-V.jpg\"><img loading=\"lazy\" decoding=\"async\" aria-describedby=\"caption-attachment-4581\" class=\"size-medium wp-image-4581\" src=\"http:\/\/www.ringen-mv.de\/wp-content\/uploads\/2017\/03\/Team-M-V-300x200.jpg\" alt=\"\" width=\"300\" height=\"200\" srcset=\"https:\/\/www.ringen-mv.de\/wp-content\/uploads\/2017\/03\/Team-M-V-300x200.jpg 300w, https:\/\/www.ringen-mv.de\/wp-content\/uploads\/2017\/03\/Team-M-V.jpg 640w\" sizes=\"auto, (max-width: 300px) 100vw, 300px\" \/><\/a><p id=\"caption-attachment-4581\" class=\"wp-caption-text\">Team M-V<\/p><\/div>\n<\/div>\n<p>&nbsp;<\/p>\n<p>&nbsp;<\/p>\n<p>&nbsp;<\/p>\n<p>&nbsp;<\/p>\n<p>&nbsp;<\/p>\n<p>&nbsp;<\/p>\n<p>&nbsp;<\/p>\n<p>&nbsp;<\/p>\n<p>Grandiose Leistung der\u00a0 Ringkampf \u2013 Ladies des SV Warnem\u00fcnde e.V. (SVW)<br \/>\n3 Deutsche Meister &#8211; und 1 Vizemeistertitel in die Hansestadt geholt<br \/>\nSo ein Superlativ, wie es das Wort \u201egrandios\u201c darstellt bedarf auf jeden Fall einer Leistung die dies auch verdient hat. Damit ist man wei\u00df Gott nicht verschwenderisch, aber in diesem Fall geht es einem sehr locker \u00fcber die Zunge.<br \/>\n7 junge Damen der Abteilung Ringen des SVW waren am Freitag, 24.03.2017 mit ihren Trainer und Betreuern nach B\u00f6nen \/ NRW zur Deutschen Meisterschaft der weiblichen Jugend aufgebrochen. \u2013 Aufgrund der in j\u00fcngster Vergangenheit gezeigten Leistungen reiste man sicherlich mit einigen Hoffnungen auf vordere Platzierungen an. Was sich aber dann dort abspielte war eben nur grandios.<br \/>\nRebekka March \/ 40 Kg \/ 9 Teilnehmer hatte die gr\u00f6\u00dfte B\u00fcrde zu tragen, denn\u00a0 sie galt durch ihre im Vorfeld gezeigten Leistungen\u00a0 als eine der Topfavoriten auf den Titel. &#8211; Durch 4 Schultersiege in ihrer Gruppe, bei denen sie u.a. auch die Vizemeisterin des Vorjahres entscheidend bezwang, belegte sie unangefochten Platz 1 und zog somit ins Finale ein. Hier besiegte sie mit Anna Voigt aus W\u00fcrttemberg die Titelverteidigerin und hat damit eindrucksvoll ihre derzeit f\u00fchrende Stellung in ihrer Gewichts \u2013 und Altersklasse in Deutschland best\u00e4tigt.<br \/>\nElina L\u00fcttge \/ 46 Kg \/ 18 Teilnehmer konnte in ihren Gruppenk\u00e4mpfen 3x als Siegerin die Matte verlassen und musste sich einmal nach Punkten geschlagen geben. Da sich die drei potentiellen Erstplatzierten untereinander besiegt hatten, musste das Reglement bem\u00fcht werden, welches besagte, dass die Wertigkeit der Siege und die dabei erzielten technischen Wertungen den Ausschlag f\u00fcr Elina gab und sie somit den 1. Platz in ihrer Gruppe errang.<br \/>\nIm Finale gab sie dann der Spitzenringerin Laura Colditz aus Sachsen das Nachsehen. Nach einer Punktef\u00fchrung von 8:0 schulterte sie diese nach 1:32 min. und setzte sich selbst in dieser Gewichtsklasse die Krone auf. Eine tolle Vorstellung und Best\u00e4tigung ihrer derzeit wirklich guten Form.<br \/>\nAngelina Purschke \/ 49 Kg \/ 13 Teilnehmer belegte nach 3 Schulter \u2013 und einem Punktsieg sehr souver\u00e4n Platz 1 in ihrer Gruppe. \u2013 Im Finale wartete auf sie keine Geringere, als die Drittplatzierte der Vorjahresmeisterschaften Emely Selinger vom KSV Seeheim \/ Hessen, die sie in diesem\u00a0 Jahr beim Kaderturnier in Dormagen schon mit 8:4 besiegte. Damit bestanden berechtigte Hoffnungen auf den dritten Titel an diesem Tag.<br \/>\nEs begann ein Kampf, der an Dramatik kaum zu \u00fcberbieten war. &#8211; Die Escheidungen der Kampfrichter fielen leider nicht zu gunsten unserer K\u00e4mpferin aus.<br \/>\nDie Entt\u00e4uschung \u00fcber die Niederlage war bei Angi riesengro\u00df, wurde ihr somit doch die\u00a0 M\u00f6glichkeit zur direkten Teilnahme an den diesj\u00e4hrigen Europameisterschaften verwehrt, die sie fest im Blick hatte. Eine letzte Chance bietet sich ihr beim Kaderturnier an Pfingsten in Dormagen. Bleibt zu hoffen, dass dieses Ereignis sie nicht davon abh\u00e4lt, weiter ihren eingeschlagenen Weg zu gehen.<br \/>\nJosefine Purschke \/ 52 Kg \/ 20 Teilnehmer bekam es gleich in ihrem ersten Gruppenkampf mit Hanna Frotscher, einer ebenfalls als Titelaspirantin gehandelten Athletin zu tun, die sie sicher mit 7:0 Punkten bezwang. Mit 2 weiteren Schulter \u2013 und 1 Punktsieg lie\u00df sie keinen Zweifel dar\u00fcber aufkommen, dass der Weg zum Titel in diesem Jahr nur \u00fcber sie f\u00fchren w\u00fcrde. Nachdem sie also den ersten Gruppenplatz errungen hatte, stand ihr im Finale mit Sina Moosmann \/S\u00fcdbaden die Meisterschaftsvierte des Vorjahres gegen\u00fcber. Nach einer 4:0 \u2013 F\u00fchrung schulterte sie ihre Gegnerin bereits nach 1 Minute und errang somit den dritten Titel an diesem Tag f\u00fcr den SVW. Nach der Silbermedaille des Vorjahres eine Best\u00e4tigung f\u00fcr ihren Platz in Deutschlands Nachwuchsspitze. Ob es f\u00fcr ein Ticket zur diesj\u00e4hrigen EM nach Sarajevo gereicht hat, wird sich zeigen.<br \/>\nBei aller Euphorie sollen nat\u00fcrlich unsere anderen Aktivinnen nicht vergessen werden.<br \/>\nCassandra Nitschner\/46 Kg ; Cecile Schleede\/52 Kg und Romy P\u00fcschel \/52 Kg konnten sich nach jeweils 2 Niederlagen leider nicht platzieren, aber sie haben bei ihrer Teilnahme die Atmosph\u00e4re einer solche Meisterschaft kennengelernt und erfahren, was mit aufwendigem Training alles m\u00f6glich ist. F\u00fcr sie soll es Ansporn daf\u00fcr sein, auch weiterhin so eifrig zu trainieren wie bislang.<\/p>\n<p>Die Meisterschaft, die mit 126 Teilnehmerinnen aus 56 Vereinen in diesem Jahr eine gute Beteiligung aufwies, endete mit einem klaren 1. Platz in der Vereinswertung f\u00fcr den SV Warnem\u00fcnde. \u2013 Auch bei der L\u00e4nderwertung war der Nordosten in diesem Jahr ganz vorn. Mecklenburg Vorpommern errang durch die hervorragenden Leistungen erstmals den 1. Platz vor so renommierten Ringkampfl\u00e4ndern wie Hessen und S\u00fcdbaden.<\/p>\n<p>Zu diesem wunderbaren Erfolg trugen folgende Athletinnen aus anderen Vereinen in MV bei :<br \/>\nChantal Lietke \/ 38 Kg \/ 6.Platz( Demminer RV )<br \/>\nSarah Kellermann \/ 46 Kg \/ 10. Platz ( Demminer RV )<br \/>\nAnastasia von Steuben \/ 49 Kg \/ 3. Platz ( SAV Torgelow )<br \/>\nMaria Betker \/ 49.Kg \/ 10. Platz ( Demmine RV )<br \/>\nLuisa Scheel \/ 56 Kg \/ 4. Platz ( RV L\u00fcbtheen )<br \/>\nChantal Rohde 60 Kg \/ 9.Platz ( Demmine RV )<br \/>\nJoelin Sophie Seliger \/ 65 Kg \/ 10. Platz ( Demminer RV )<\/p>\n<p>Die Abteilung Ringen des SV Warnem\u00fcnde hatte sich bereits im Vorjahr um die Ausrichtung der Deutschen Meisterschaft der weiblichen Jugend 2018 bem\u00fcht.<br \/>\nWir haben den Zuschlag erhalten und werden mit unseren Partnern vom PSV Rostock diese Meisterschaft im Rahmen der Feierlichkeiten zum 800 \u2013 j\u00e4hrigen Jubil\u00e4um unserer Heimatstadt zur Austragung bringen.<\/p>\n<div id=\"attachment_4588\" style=\"width: 310px\" class=\"wp-caption alignleft\"><a href=\"http:\/\/www.ringen-mv.de\/wp-content\/uploads\/2017\/03\/Team-Warnem\u00fcnde.jpg\"><img loading=\"lazy\" decoding=\"async\" aria-describedby=\"caption-attachment-4588\" class=\"size-medium wp-image-4588\" src=\"http:\/\/www.ringen-mv.de\/wp-content\/uploads\/2017\/03\/Team-Warnem\u00fcnde-300x169.jpg\" alt=\"\" width=\"300\" height=\"169\" srcset=\"https:\/\/www.ringen-mv.de\/wp-content\/uploads\/2017\/03\/Team-Warnem\u00fcnde-300x169.jpg 300w, https:\/\/www.ringen-mv.de\/wp-content\/uploads\/2017\/03\/Team-Warnem\u00fcnde-425x240.jpg 425w, https:\/\/www.ringen-mv.de\/wp-content\/uploads\/2017\/03\/Team-Warnem\u00fcnde.jpg 640w\" sizes=\"auto, (max-width: 300px) 100vw, 300px\" \/><\/a><p id=\"caption-attachment-4588\" class=\"wp-caption-text\">Team Warnem\u00fcnde<\/p><\/div>\n<p>&nbsp;<\/p>\n","protected":false},"excerpt":{"rendered":"<p>Was f\u00fcr ein sensationelles Ergebnis: der Ringerverband Mecklenburg-Vorpommern gewinnt die L\u00e4nderwertung bei den Deutschen Meisterschaften der weiblichen Jugend in B\u00f6nen (NRW), vor Hessen und S\u00fcdbaden. 3 mal Gold durch Rebekka March (40 kg), Elina L\u00fcttge (46 kg) und Josefine Purschke (52 kg) alle vom SV Warnem\u00fcnde. Silber gab<\/p>\n","protected":false},"author":2,"featured_media":4580,"comment_status":"open","ping_status":"open","sticky":false,"template":"","format":"standard","meta":{"footnotes":""},"categories":[1],"tags":[],"class_list":["post-4579","post","type-post","status-publish","format-standard","has-post-thumbnail","hentry","category-allgemein"],"_links":{"self":[{"href":"https:\/\/www.ringen-mv.de\/index.php?rest_route=\/wp\/v2\/posts\/4579","targetHints":{"allow":["GET"]}}],"collection":[{"href":"https:\/\/www.ringen-mv.de\/index.php?rest_route=\/wp\/v2\/posts"}],"about":[{"href":"https:\/\/www.ringen-mv.de\/index.php?rest_route=\/wp\/v2\/types\/post"}],"author":[{"embeddable":true,"href":"https:\/\/www.ringen-mv.de\/index.php?rest_route=\/wp\/v2\/users\/2"}],"replies":[{"embeddable":true,"href":"https:\/\/www.ringen-mv.de\/index.php?rest_route=%2Fwp%2Fv2%2Fcomments&post=4579"}],"version-history":[{"count":9,"href":"https:\/\/www.ringen-mv.de\/index.php?rest_route=\/wp\/v2\/posts\/4579\/revisions"}],"predecessor-version":[{"id":4643,"href":"https:\/\/www.ringen-mv.de\/index.php?rest_route=\/wp\/v2\/posts\/4579\/revisions\/4643"}],"wp:featuredmedia":[{"embeddable":true,"href":"https:\/\/www.ringen-mv.de\/index.php?rest_route=\/wp\/v2\/media\/4580"}],"wp:attachment":[{"href":"https:\/\/www.ringen-mv.de\/index.php?rest_route=%2Fwp%2Fv2%2Fmedia&parent=4579"}],"wp:term":[{"taxonomy":"category","embeddable":true,"href":"https:\/\/www.ringen-mv.de\/index.php?rest_route=%2Fwp%2Fv2%2Fcategories&post=4579"},{"taxonomy":"post_tag","embeddable":true,"href":"https:\/\/www.ringen-mv.de\/index.php?rest_route=%2Fwp%2Fv2%2Ftags&post=4579"}],"curies":[{"name":"wp","href":"https:\/\/api.w.org\/{rel}","templated":true}]}}