{"id":4610,"date":"2017-04-24T09:11:02","date_gmt":"2017-04-24T07:11:02","guid":{"rendered":"http:\/\/www.sav-torgelow-ringen.de\/RV%20MV2\/wordpress_341-de\/wordpress\/?p=4610"},"modified":"2017-05-08T14:08:36","modified_gmt":"2017-05-08T12:08:36","slug":"trauer-um-peter-mandelkow","status":"publish","type":"post","link":"https:\/\/www.ringen-mv.de\/?p=4610","title":{"rendered":"Trauer um Peter Mandelkow"},"content":{"rendered":"<p>Der Ringerverband M-V trauert mit den Ringerfreunden aus Berlin um Peter Mandelkow. Der Pr\u00e4sident des Berliner Ringerverbandes war ein beliebter Funtion\u00e4r und Trainer.<br \/>\nEr stand f\u00fcr eine gute Zusammenarbeit, in ruhiger und sachlicher Weise, mit unserem Verband.<br \/>\nUnser Beileid geht vor allem an seine Familie und seinen vielen Ringerfreunden in Berlin und ganz Deutschland.<\/p>\n<ul>\n<li><a href=\"http:\/\/bucher-ringer.de\/3272-2\/\">SV Buch<\/a><\/li>\n<li><a href=\"http:\/\/www.berliner-ringerverband.de\/praesidium\/mitteilungen\/109-nachruf-peter-mandelkow\">Berliner Ringerverband<\/a><\/li>\n<\/ul>\n","protected":false},"excerpt":{"rendered":"<p>Der Ringerverband M-V trauert mit den Ringerfreunden aus Berlin um Peter Mandelkow. Der Pr\u00e4sident des Berliner Ringerverbandes war ein beliebter Funtion\u00e4r und Trainer. Er stand f\u00fcr eine gute Zusammenarbeit, in ruhiger und sachlicher Weise, mit unserem Verband. Unser Beileid geht vor allem an seine Familie und seinen vielen<\/p>\n","protected":false},"author":2,"featured_media":4612,"comment_status":"open","ping_status":"open","sticky":false,"template":"","format":"standard","meta":{"footnotes":""},"categories":[1],"tags":[],"class_list":["post-4610","post","type-post","status-publish","format-standard","has-post-thumbnail","hentry","category-allgemein"],"_links":{"self":[{"href":"https:\/\/www.ringen-mv.de\/index.php?rest_route=\/wp\/v2\/posts\/4610","targetHints":{"allow":["GET"]}}],"collection":[{"href":"https:\/\/www.ringen-mv.de\/index.php?rest_route=\/wp\/v2\/posts"}],"about":[{"href":"https:\/\/www.ringen-mv.de\/index.php?rest_route=\/wp\/v2\/types\/post"}],"author":[{"embeddable":true,"href":"https:\/\/www.ringen-mv.de\/index.php?rest_route=\/wp\/v2\/users\/2"}],"replies":[{"embeddable":true,"href":"https:\/\/www.ringen-mv.de\/index.php?rest_route=%2Fwp%2Fv2%2Fcomments&post=4610"}],"version-history":[{"count":10,"href":"https:\/\/www.ringen-mv.de\/index.php?rest_route=\/wp\/v2\/posts\/4610\/revisions"}],"predecessor-version":[{"id":4641,"href":"https:\/\/www.ringen-mv.de\/index.php?rest_route=\/wp\/v2\/posts\/4610\/revisions\/4641"}],"wp:featuredmedia":[{"embeddable":true,"href":"https:\/\/www.ringen-mv.de\/index.php?rest_route=\/wp\/v2\/media\/4612"}],"wp:attachment":[{"href":"https:\/\/www.ringen-mv.de\/index.php?rest_route=%2Fwp%2Fv2%2Fmedia&parent=4610"}],"wp:term":[{"taxonomy":"category","embeddable":true,"href":"https:\/\/www.ringen-mv.de\/index.php?rest_route=%2Fwp%2Fv2%2Fcategories&post=4610"},{"taxonomy":"post_tag","embeddable":true,"href":"https:\/\/www.ringen-mv.de\/index.php?rest_route=%2Fwp%2Fv2%2Ftags&post=4610"}],"curies":[{"name":"wp","href":"https:\/\/api.w.org\/{rel}","templated":true}]}}