{"id":4694,"date":"2017-06-19T10:47:53","date_gmt":"2017-06-19T08:47:53","guid":{"rendered":"http:\/\/www.sav-torgelow-ringen.de\/RV%20MV2\/wordpress_341-de\/wordpress\/?p=4694"},"modified":"2017-06-19T10:47:53","modified_gmt":"2017-06-19T08:47:53","slug":"drb-teams-fuer-junioren-europameisterschaften-nominiert","status":"publish","type":"post","link":"https:\/\/www.ringen-mv.de\/?p=4694","title":{"rendered":"DRB-Teams f\u00fcr Junioren-Europameisterschaften nominiert"},"content":{"rendered":"<p><a href=\"http:\/\/www.ringen-mv.de\/wp-content\/uploads\/2013\/06\/drbside.png\"><img loading=\"lazy\" decoding=\"async\" class=\"alignleft size-full wp-image-1911\" src=\"http:\/\/www.ringen-mv.de\/wp-content\/uploads\/2013\/06\/drbside.png\" alt=\"\" width=\"300\" height=\"200\" \/><\/a>Alexander und Andrej Ginc vertreten unseren Verband<\/p>\n<p>Dortmund \u2013 Am 27. Juni werden in Dortmund die Europameisterschaften der Junioren angepfiffen. Bis zum 2. Juli steht die Helmut-K\u00f6rnig-Halle im Westfalenpark, im Zeichen des Ringkampfsport&#8217;s.<\/p>\n<p>An den ersten beiden Tagen treten die Freistilspezialisten auf die Matten, danach folgen die Ringerdamen, w\u00e4hrend die Griechisch-R\u00f6misch-Ringer am Samstag und Sonntag, den letzten, beiden Kampftagen ihren Stempel aufdr\u00fccken.<\/p>\n<p><!--more-->Dortmund entwickelt sich immer mehr zum &#8218;Mekka&#8216; des Ringkampfsportes in Deutschland, seit 2002 kommen j\u00e4hrlich im Juni zahlreiche Nationen zum Grand Prix der Griechisch-R\u00f6misch-Spezialisten, 2008 siedelten zudem die Freistilringer von Leipzig nach Dortmund um Auch den letzten, sportlichen Leckerbissen richteten die Organisatoren um Karl-Martin Dittmann in Dortmund aus, nur wenige Meter von der Helmut-K\u00f6rnig-Halle, in der gro\u00dfen Westfalenhalle wurden 2011 die Europameister der M\u00e4nner und Frauen ermittelt.<\/p>\n<p>Nun sind es die Juniorinnen und Junioren, die in Nordrheinwestfalen um die kontinentalen Titel- und Medaillen streiten, vom 27.6. bis 2.7. tritt die Generation 2020 in Dortmund auf die Ringermatten.<br \/>\nDie Bundestrainer aller drei deutschen Teams (Freistil, griechisch-r\u00f6mischer Stil und Juniorinnen) haben ihre Auswahlmannschaften bereits nominiert, die Deutschen Meisterschaften, sowie einige, internationale Wettk\u00e4mpfe waren die H\u00fcrden f\u00fcr eine Nominierung zu den heimischen Europameisterschaften.<br \/>\nDoch selbst nach den nationalen Titelk\u00e4mpfen und dem Internationalen Turnier in Bukarst (ROU) standen im Freistilbereich in drei Gewichtsklassen noch Fragen offen, so lie\u00df Bundestrainer J\u00fcrgen Scheibe in &#8218;Best of Three&#8216; am Himmelfahrtstag in Aschaffenburg ausringen.<br \/>\nYannick Ott (60 kg\/KSC H\u00f6sbach), Johann Steinforth (74 kg\/Roter Stern Sudenburg) und Dimitri Blayvas (84 kg\/SV Halle) setzten sich mit jeweils zwei Siegen gegen die Konkurrenten durch und stehen damit im Aufgebot von Freistiltrainer J\u00fcrgen Scheibe. Horst Lehr (50 kg\/VfK Schifferstadt), Ramzan Awzaev (55 kg\/TV Essen Dellwig), Tino Rettinger (66 kg\/RWG M\u00f6mbris-K\u00f6nigshofen) und Ilja Matuhin (96 kg\/1. Luckenwalder SC) standen auf Grund der gezeigten Vorleistungen bei Deutschen Meisterschaften und Internationaler Wettk\u00e4mpfe bereits im Vorfeld als deutsche EM-Teilnehmer f\u00fcr das DRB-Auswahlteam fest.<\/p>\n<p>Die Deutschen Meisterschaften und das Internationale Turnier in Bukarest (ROU) waren auch f\u00fcr die Juniorinnen die Messlatten f\u00fcr eine Nominierung zur Europameisterschaft. Bundestrainer Rainer Kamm setzt dabei auf eine sehr junge-, aber entwicklungsf\u00e4hige Mannschaft. Celine Mehner (KSV Kirrlach) k\u00e4mpft noch im Kadettenbereich, die Ringerin aus Nordbaden besetzt das leichteste Limit bis 44 kg. Lisa Ersel (48 kg\/SV Luftfahrt Berlin) stand 2015 bei den Kadettinnen schon einmal auf dem obersten Treppchen einer Europameisterschaft, bei den Weltmeisterschaften des gleichen Jahres gewann die Hauptst\u00e4dterin aus dem Leistungszentrum Frankfurt(O.) Bronze.<br \/>\nElena Brugger (55 kg\/TuS Adelhausen) tritt bei den Europameisterschaften in Dortmund als Titelverteidigerin an, die S\u00fcdbadenerin gewann im Vorjahr zudem Bronze bei den Weltmeisterschaften der Juniorinnen in Macon (FRA). In der s\u00fcdferanz\u00f6sischen Stadt belegte Debora Lawnitzak (59 kg\/SV Luftfahrt Berlin) \u2013 damals noch als j\u00fcngste, deutsche Starterin, den 5. Platz und auch 2017 steht die junge Hauptst\u00e4dterin in den Reihen um Bundestrainer Rainer Kamm, der zudem Annika Wendle (51 kg\/ASV Altenheim), Eyleen Sewina (63 kg\/RSV Rotation Greiz) und Theresa Edfelder (69 kg\/SC Anger) f\u00fcr Dortmund nominierte.<\/p>\n<p>F\u00fcr die Griechisch-R\u00f6misch-Spezialisten stand neben den Deutschen Meisterschaften der Junioren in Frankfurt(O.), das &#8218;Internationale Mukhran Vakhtangadze-Turnier in Batumi (GEO) als Nominierungskriterium f\u00fcr die heimische Europameisterschaft im Fokus. Auch im Kaderkreis von Nachwuchs-Bundestrainer Maik Bullmann gab es in einigen Gewichtsklassen mehrere K\u00e4mpfer, die auf Augenh\u00f6he standen. Nach dem \u00e4u\u00dferst stark besetzten Turnier in Batumi stand die Auswahl f\u00fcr Dortmund fest. So wird Steven Ecker (50 kg\/ASV H\u00fcttigweiler) die deutschen Farben im leichtesten Limit vertreten, die souver\u00e4nen Deutschen Meister <strong>Alexander (55 kg) und Andrej Ginc (60 kg\/beide SAV Torgelow)<\/strong>, Artur Tatarinov (66 kg\/TV Traunstein) und Karan Mosebach (RSV Hansa 90 Frankfurt\/O.) werden ebenso im Westfalenpark angreifen. Im Limit bis 85 kg bekam Arian G\u00fcney (KSV Ispringen) den Vorzug vor dem Deutschen Meister Friedrich Fouda (ASV Plauen), Jan Zirn (KG Baienfurt) holte sich in Frankfurt(O.) den Meistertitel, setzte sich auch in Batumi (GEO) als bester, deutscher Ringer durch und wird damit ebenfalls in Dortmund k\u00e4mpfen. Das schwerste Limit bis 120 kg bleibt unbesetzt.<\/p>\n<p>J\u00f6rg Richter<\/p>\n<p>&nbsp;<\/p>\n<p>Informationen, rings um die Europameisterschaft der Junioren in Dortmund<\/p>\n<p>Termin: 27.6.-2.7.2017<br \/>\nOrt\/Adresse: \u201cHelmut-K\u00f6rnig-Halle\u201d, Strobelallee 40 in 44139 Dortmund<\/p>\n<p>Gewichtsklassen:<br \/>\nFreistil: 50 -55 -60 -66 -74 -84 -96 -120 kg<br \/>\nGriechisch-r\u00f6mischer Ringkampf: 50 -55 -60 -66 -74 -84 -96 -120 kg<br \/>\nJuniorinnen: 44 -48 -51 -55 -59 -63 -67 -72 kg<\/p>\n<p>Zeitplan:<br \/>\nMontag, 26.6.<br \/>\n17:15 Uhr: Wiegen (Freistil: 50-60-74-96 kg)<\/p>\n<p>Dienstag, 27.6.<br \/>\n10 \u2013 14 Uhr: Qualifikation \/ Halbfinals \/ Hoffnungsrunden Freistil 50-60-74-96 kg<br \/>\n17:15 Uhr :Wiegen (Freistil: 55-66-84-120 kg)<br \/>\n18 \u2013 18:30 Uhr: Er\u00f6ffnung<br \/>\n18:30 \u2013 20:30 Uhr: Finalk\u00e4mpfe um Gold und Bronze Freistil 50-60-74-96 kg<\/p>\n<p>Mittwoch, 28.6.<br \/>\n10 \u2013 14 Uhr: Qualifikation \/ Halbfinals \/ Hoffnungsrunden Freistil: 55-66-84-120 kg<br \/>\n17:15 Uhr :Wiegen (Juniorinnen: 44-51-59-67 kg)<br \/>\n18 \u2013 20 Uhr: Finalk\u00e4mpfe um Gold und Bronze Freistil: 55-66-84-120 kg<\/p>\n<p>Donnerstag, 29.6.<br \/>\n10 \u2013 14 Uhr: Qualifikation \/ Halbfinals \/ Hoffnungsrunden Juniorinnen: 44-51-59-67 kg<br \/>\n17:15 Uhr :Wiegen (Juniorinnen: 48-55-63-72 kg)<br \/>\n18 \u2013 20 Uhr: Finalk\u00e4mpfe um Gold und Bronze Juniorinnen: 44-51-59-67 kg<\/p>\n<p>Freitag, 30.6.<br \/>\n10 \u2013 14 Uhr: Qualifikation \/ Halbfinals \/ Hoffnungsrunden Juniorinnen: 48-55-63-72 kg<br \/>\n17:15 Uhr :Wiegen (Gr.-r\u00f6m. Stil: 50-60-74-96 kg)<br \/>\n18 \u2013 20 Uhr: Finalk\u00e4mpfe um Gold und Bronze Juniorinnen: 48-55-63-72 kg<\/p>\n<p>Samstag, 1.7.<br \/>\n10 \u2013 14 Uhr: Qualifikation \/ Halbfinals \/ Hoffnungsrunden Gr.-r\u00f6m. Stil: 50-60-74-96 kg<br \/>\n17:15 Uhr : Wiegen (Gr.-r\u00f6m. Stil: 55-66-84-120 kg)<br \/>\n18 \u2013 20 Uhr: Finals um Gold und Bronze Gr.-r\u00f6m. Stil: 50-60-74-96 kg<\/p>\n<p>Sonntag, 2.7.<br \/>\n10 \u2013 14 Uhr: Qualifikation \/ Halbfinals \/ Hoffnungsrunden Gr-r\u00f6m. Stil: 55-66-84-120 kg<br \/>\n18 \u2013 20 Uhr: Finals um Gold und Bronze Gr.-r\u00f6m. Stil: Gr.-r\u00f6m. Stil: 55-66-84-120 kg<\/p>\n<p>&nbsp;<\/p>\n<p>Mannschaften des DRB:<br \/>\nFreistil:<br \/>\n50 kg: Horst Lehr (VfK Schifferstadt)<br \/>\n55 kg: Ramzan Awtaew (TV Essen Dellwig)<br \/>\n60 kg: Yannick Ott (KSC H\u00f6sbach)<br \/>\n66 kg: Tino Rettinger (RWG M\u00f6mbris-K\u00f6nigshofen)<br \/>\n74 kg: Johann Steinforth (Roter Stern Sudenburg)<br \/>\n84 kg: Dimitri Blayvas (SV Halle\/S.)<br \/>\n96 kg: Ilja Matuhin (1. Luckenwalder SC)<\/p>\n<p>Juniorinnen:<br \/>\n44 kg: Celine Mehner (KSV Kirrlach)<br \/>\n48 kg: Lisa Ersel (SV Luftfahrt Ringen)<br \/>\n51 kg: Annika Wendle (ASV Altenheim)<br \/>\n55 kg: Elena Brugger (TuS Adelhausen)<br \/>\n59 kg: Debora Lawnitzak (SV Luftfahrt Berlin)<br \/>\n63 kg: Eyleen Sewina (RSV Rotation Greiz)<br \/>\n67 kg: Theresa Edfelder (SC Anger)<\/p>\n<p>Griechisch-R\u00f6mischer Stil:<br \/>\n50 kg: Steven Ecker (ASV H\u00fcttigweiler)<br \/>\n<strong>55 kg: Alexander Ginc (SAV Torgelow)<\/strong><br \/>\n<strong>60 kg: Andrej Ginc (SAV Torgelow)<\/strong><br \/>\n66 kg: Artur Tatarinov (TV Traunstein)<br \/>\n74 kg: Karan Mosebach (RSV Hansa 90 Frankfurt\/Oder)<br \/>\n84 kg: Arian G\u00fcney (KSV Ispringen)<br \/>\n96 kg: Jan Zirn (SG Baienfurt)<\/p>\n<p>&nbsp;<\/p>\n<p>Die Platzierungen der Junioren-Europameisterschaften 2016 in Bukarest (ROU)<br \/>\nStatistik JEM in Bukarest (ROU), mit den deutschen Platzierungen des Vorjahres<\/p>\n<p>Freistil:<br \/>\n50 kg<br \/>\n1. Georgii OKOROKOV (RUS)<br \/>\n2. Razvan Marian KOVACS (ROM)<br \/>\n3. Kamil KERYMOV (UKR)<br \/>\n3. Aliabbas RZAZADE (AZE)<br \/>\n5. Genadi Iliyanov MARINOV (BUL)<br \/>\n5. Giorgi KHACHIDZE (GEO)<br \/>\n*<br \/>\n10. Horst LEHR (GER\/VfK Schifferstadt)<\/p>\n<p>55 kg<br \/>\n1. Abasgadzhi MAGOMEDOV (RUS)<br \/>\n2. Roberti DINGASHVILI (GEO)<br \/>\n3. Mahir AMIRASLANOV (AZE)<br \/>\n3. Mikyay Salim NAIM (BUL)<br \/>\n5. Elmedin SEJFULAU (MKD)<br \/>\n5. Mkhitar GRIGORYAN (ARM)<br \/>\nKein deutscher Ringer am Start<\/p>\n<p>60 kg<br \/>\n1. Uruzbek TSOMARTOV (RUS)<br \/>\n2. Selim KOZAN (TUR)<br \/>\n3. George Anthony RAMM (GBR)<br \/>\n3. Shmagi TODUA (GEO)<br \/>\n5. Patryk Krzysztof OLENCZYN (POL)<br \/>\n5. Yaroslav HURSKYY (UKR)<br \/>\n*<br \/>\n20. Timo Moosmann (GER\/KSV Tennenbronn)<\/p>\n<p>66 kg<br \/>\n1. David BAEV (RUS)<br \/>\n2. Enes Vahit USLU (TUR)<br \/>\n3. Giorgi SULAVA (GEO)<br \/>\n3 Csaba VIDA (HUN)<br \/>\n5. Marc DIETSCHE (SUI)<br \/>\n5. Maxim SACULTAN (MDA)<br \/>\nKein deutscher Ringer am Start<\/p>\n<p>74 kg<br \/>\n1. Murad SULEYMANOV (AZE)<br \/>\n2. Zaurbek SIDAKOV (RUS)<br \/>\n3. Tigran MNATSAKANYAN (ARM)<br \/>\n3. Tariel GAPHRINDASHVILI (GEO)<br \/>\n5. Fazli Huseyin ERYILMAZ (TUR)<br \/>\n5. Andrius MAZEIKA (LTU)<br \/>\n*<br \/>\n17. Johann Steinforth (GER\/KFC Leipzig)<\/p>\n<p>84 kg<br \/>\n1. Gadzhimurad MAGOMEDSAIDOV (AZE)<br \/>\n2. Batyrbek TCAKULOV (RUS)<br \/>\n3. Meki SIMONIA (GEO)<br \/>\n3. Sargis HOVSEPYAN (ARM)<br \/>\n5. Bendeguz TOTH (HUN)<br \/>\n5. Semih YAZICI (TUR)<br \/>\n*<br \/>\n13. Dimitri Blayvas (GER\/KFC Leipzig)<\/p>\n<p>96 kg<br \/>\n1. Iurii VLASKO (RUS)<br \/>\n2. Givi MATCHARASHVILI (GEO)<br \/>\n3. Feyzullah AKTURK (TUR)<br \/>\n3. Magomedrasul GAZIMAGOMEDOV (AZE)<br \/>\n5. Kristof WITTMANN (HUN)<br \/>\n5. Ilja MATUHIN (GER\/1. Luckenwalder SC)<\/p>\n<p>120 kg<br \/>\n1. Magomedamin DIBIROV (RUS)<br \/>\n2. Huseyin Mehmet CIVELEK (TUR)<br \/>\n3. Zuriko URTASHVILI (GEO)<br \/>\n3. Alimagomed ALIKHMAEV (AZE)<br \/>\n5. Kamil Tomasz KOSCIOLEK (POL)<br \/>\n5. Marcel BOEHME (GER\/RV Thalheim)<\/p>\n<p>&nbsp;<\/p>\n<p>Juniorinnen:<br \/>\n44 kg<br \/>\n1. Oksana LIVACH (UKR)<br \/>\n2. Kseniya STANKEVICH (BLR)<br \/>\n3 Beata KOSLA (POL)<br \/>\n3. Veronika GURSKAYA (RUS)<br \/>\n5. Bianka RECZI (HUN)<br \/>\n5. Fatme Ibraimova MANDEVA (BUL)<br \/>\n7. Laura SCHMITT (GER\/KSV Kirrlach)<\/p>\n<p>48 kg<br \/>\n1. Nadezhda SOKOLOVA (RUS)<br \/>\n2. F\u00e9licia GALLO (FRA)<br \/>\n3. Dominika Karolina SZYNKOWSKA (POL)<br \/>\n3. Annika WENDLE (GER\/ASV Altenheim)<br \/>\n5. Kim Marlies GMEINER (AUT)<br \/>\n5. Tatsiana YAFREMENKA (BLR)<\/p>\n<p>51 kg<br \/>\n1. Elena Heike BRUGGER (GER\/TuS Adelhausen)<br \/>\n2. Hilary Ysaline HONORINE (FRA)<br \/>\n3. Fatsima SIDAKOVA (BLR)<br \/>\n3. Luiza SULEYMANOVA (RUS)<br \/>\n5. Mehlika Hulisi OZTURK (TUR)<br \/>\n5. Kateryna MASHKEVYCH (UKR)<\/p>\n<p>55 kg<br \/>\n1. Anastasia NICHITA (BLR)<br \/>\n2. Elif YANIK (TUR)<br \/>\n3. Bilyana Zhivkova DUDOVA (BUL)<br \/>\n3. Viktoriia VAULINA (RUS)<br \/>\n5. Alicja CZYZOWICZ (POL)<br \/>\n5. Madalina Ioana CAIA (ROU)<br \/>\n*<br \/>\n9. Debora LAWNITZAK (GER\/SV Luftfahrt Berlin)<\/p>\n<p>59 kg<br \/>\n1. Grace Jacob BULLEN (NOR)<br \/>\n2. Emma Margareta Charlotte JOHANSSON (SWE)<br \/>\n3. Mariia MATYUSHENKO (RUS)<br \/>\n3. Arianna CARIERI (ITA)<br \/>\n5. Derya BAYHAN (TUR)<br \/>\n5. Viktoria VILHELM (HUN)<br \/>\n*<br \/>\n7. Viviane Bettina HERDA (GER\/KSV Witten)<\/p>\n<p>63 kg<br \/>\n1. Kriszta Tunde INCZE (ROU)<br \/>\n2. Luzie MANZKE (GER\/RSV Hansa 90 Frankfurt\/O.)<br \/>\n3. Olivia Louise HENNINGSSON (SWE)<br \/>\n3. Mariia KUZNETSOVA (RUS)<br \/>\n5. Virginia TSAKNAKI (GRE)<br \/>\n5. Yuliana Vasileva YANEVA (BUL)<\/p>\n<p>67 kg<br \/>\n1. Koumba Selene Fanta LARROQUE (FRA)<br \/>\n2. Elis MANOLOVA (AZE)<br \/>\n3. Khanum VELIEVA (RUS)<br \/>\n3. Yuliia LISOVSKA (UKR)<br \/>\n5. Enrica RINALDI (ITA)<br \/>\n5. Asli TUGCU (TUR)<\/p>\n<p>Ohne deutsche Beteiligung.<\/p>\n<p>72 kg<br \/>\n1. Daria SHISTEROVA (RUS)<br \/>\n2. Francy RAEDELT (GER\/RSV Hansa 90 Frankfurt\/O.)<br \/>\n3. Yauheniya ANDREICHYKAVA (BLR)<br \/>\n3. Aysegul OZBEGE (TUR)<br \/>\n5. Vivien SZARAZ (HUN)<br \/>\n5. Natalia Iwona STRZALKA (POL)<\/p>\n<p>&nbsp;<\/p>\n<p>Griechisch-r\u00f6mischer Stil<br \/>\n50 kg<br \/>\n1. Nugzari TSURTSUMIA (GEO)<br \/>\n2. Azar NASIBLI (AZE)<br \/>\n3. Artsem BELAUSAU (BLR)<br \/>\n3. Giovanni FRENI (ITA)<br \/>\n5. Csaba HORVATH (HUN)<br \/>\n5. Sergey SIMONYAN (ARM)<br \/>\nKein deutscher Ringer am Start<\/p>\n<p>55 kg<br \/>\n1. Nofal BABAYEV (AZE)<br \/>\n2. Zhora ABOVIAN (UKR)<br \/>\n3. Artur PETROSIAN (RUS)<br \/>\n3. Dato CHKHARTISHVILI (GEO)<br \/>\n*<br \/>\n9. Alexander Ginc (GER\/SAV Torgelow).<\/p>\n<p>60 kg<br \/>\n1. Mikayil RAHMANOV (AZE)<br \/>\n2. Levani KAVJARADZE (GEO)<br \/>\n3. Etienne KINSINGER (GER\/KSV K\u00f6llerbach)<br \/>\n3. Gevorg KHUMARYAN (ARM)<br \/>\n5. Nestar NESTAROV (BUL)<br \/>\n5. Oleksandr HRUSHYN (UKR)<\/p>\n<p>66 kg<br \/>\n1. Ramaz ZOIDZE (GEO)<br \/>\n2. Parviz NASIBOV (UKR)<br \/>\n3. Sanan SULEYMANOV (AZE)<br \/>\n3. Deyvid Tihomirov DIMITROV (BUL)<br \/>\n5. Valeriu TODEREAN (MDA)<br \/>\n5. Murat Omer FIRAT (TUR)<br \/>\n*<br \/>\n20. Andrej Kurockin (GER\/KV Riegelsberg).<\/p>\n<p>74 kg<br \/>\n1. Zotlan LEVAI (HUN)<br \/>\n2. Artem MATIASH (UKR)<br \/>\n3. George Vlad MARIEA (ROU)<br \/>\n3. Serkan AKKOYUN (TUR)<br \/>\n5. Roland SCHWARZ (GER\/ASC Bindlach)<br \/>\n5. Arman BAGHDASARYAN (ARM)<\/p>\n<p>84 kg<br \/>\n1. Islam ABBASOV (AZE)<br \/>\n2. Ali CENGIZ (TUR)<br \/>\n3. Ivan HUKLEK (CRO)<br \/>\n3. Vladislav KULPA (RUS)<br \/>\n5. Arian G\u00dcNEY (GER\/KSV Ispringen)<br \/>\n5. Gurami KHETSURIANI (GEO)<\/p>\n<p>96 kg<br \/>\n1. Ruslan BEKUZAROV (RUS)<br \/>\n2. Giorgi MELIA (GEO<br \/>\n3. Ibrahim Sadullah TIGCI (TUR)<br \/>\n3. Vladen KOZLIUK (UKR)<br \/>\n5. Kevin BAUMANN (EST)<br \/>\n5. Erkan CELIK (GER\/SV Joh. N\u00fcrnberg)<\/p>\n<p>120 kg<br \/>\n1. Zviadi PATARIDZE (GEO)<br \/>\n2. Nikolai IZMAILOV (RUS)<br \/>\n3. Pavel RUDAKOU (BLR)<br \/>\n3. Osman Kenan YILDIRIM (TUR)<br \/>\n5. Artur VITITIN (EST)<br \/>\n5. Lenard Istvan BEREI (ROM)<\/p>\n<p>Kein deutscher Ringer am Start.<\/p>\n<p>&nbsp;<\/p>\n<p>Eintrittspreise<\/p>\n<p>Vollzahler<br \/>\nTageskarte: 10,00 \u20ac<br \/>\nDauerkarte: 50,00 \u20ac<\/p>\n<p>Erm\u00e4\u00dfigungen 50%<br \/>\nTageskarte: 5,00 \u20ac<br \/>\nDauerkarte: 25,00 \u20ac<\/p>\n<p>Vereinsrabatte<br \/>\nTageskarte: 9,00 \u20ac (bis 10 Karten)<br \/>\nDauerkarte: 45,00 \u20ac<\/p>\n<p>Tageskarte: 8,00 \u20ac (ab 11 Karten)<br \/>\nDauerkarte: 40,00 \u20ac<\/p>\n<p>VIP Karten<br \/>\nTageskarte: 40,00 \u20ac<br \/>\nDauerkarte: 200,00 \u20ac<\/p>\n<p>Kinder unter 6 Jahren haben freien Eintritt ohne Anspruch auf einen Sitzplatz.<br \/>\nDer erm\u00e4\u00dfigte Preis (50%) gilt f\u00fcr Sch\u00fcler und Jugendliche bis 18 Jahre bei Vorlage eines Nachweises.<\/p>\n","protected":false},"excerpt":{"rendered":"<p>Alexander und Andrej Ginc vertreten unseren Verband Dortmund \u2013 Am 27. Juni werden in Dortmund die Europameisterschaften der Junioren angepfiffen. Bis zum 2. Juli steht die Helmut-K\u00f6rnig-Halle im Westfalenpark, im Zeichen des Ringkampfsport&#8217;s. An den ersten beiden Tagen treten die Freistilspezialisten auf die Matten, danach folgen die Ringerdamen,<\/p>\n","protected":false},"author":2,"featured_media":0,"comment_status":"open","ping_status":"open","sticky":false,"template":"","format":"standard","meta":{"footnotes":""},"categories":[1],"tags":[],"class_list":["post-4694","post","type-post","status-publish","format-standard","hentry","category-allgemein"],"_links":{"self":[{"href":"https:\/\/www.ringen-mv.de\/index.php?rest_route=\/wp\/v2\/posts\/4694","targetHints":{"allow":["GET"]}}],"collection":[{"href":"https:\/\/www.ringen-mv.de\/index.php?rest_route=\/wp\/v2\/posts"}],"about":[{"href":"https:\/\/www.ringen-mv.de\/index.php?rest_route=\/wp\/v2\/types\/post"}],"author":[{"embeddable":true,"href":"https:\/\/www.ringen-mv.de\/index.php?rest_route=\/wp\/v2\/users\/2"}],"replies":[{"embeddable":true,"href":"https:\/\/www.ringen-mv.de\/index.php?rest_route=%2Fwp%2Fv2%2Fcomments&post=4694"}],"version-history":[{"count":1,"href":"https:\/\/www.ringen-mv.de\/index.php?rest_route=\/wp\/v2\/posts\/4694\/revisions"}],"predecessor-version":[{"id":4695,"href":"https:\/\/www.ringen-mv.de\/index.php?rest_route=\/wp\/v2\/posts\/4694\/revisions\/4695"}],"wp:attachment":[{"href":"https:\/\/www.ringen-mv.de\/index.php?rest_route=%2Fwp%2Fv2%2Fmedia&parent=4694"}],"wp:term":[{"taxonomy":"category","embeddable":true,"href":"https:\/\/www.ringen-mv.de\/index.php?rest_route=%2Fwp%2Fv2%2Fcategories&post=4694"},{"taxonomy":"post_tag","embeddable":true,"href":"https:\/\/www.ringen-mv.de\/index.php?rest_route=%2Fwp%2Fv2%2Ftags&post=4694"}],"curies":[{"name":"wp","href":"https:\/\/api.w.org\/{rel}","templated":true}]}}