{"id":4743,"date":"2017-07-24T08:29:34","date_gmt":"2017-07-24T06:29:34","guid":{"rendered":"http:\/\/www.sav-torgelow-ringen.de\/RV%20MV2\/wordpress_341-de\/wordpress\/?p=4743"},"modified":"2017-07-24T08:35:20","modified_gmt":"2017-07-24T06:35:20","slug":"bei-den-europameisterschaften-der-kadetten-wird-ein-neuer-modus-getestet","status":"publish","type":"post","link":"https:\/\/www.ringen-mv.de\/?p=4743","title":{"rendered":"Bei den Europameisterschaften der Kadetten wird ein neuer Modus getestet"},"content":{"rendered":"<p><strong><a href=\"http:\/\/www.ringen-mv.de\/wp-content\/uploads\/2013\/06\/drbside.png\"><img loading=\"lazy\" decoding=\"async\" class=\"alignleft size-full wp-image-1911\" src=\"http:\/\/www.ringen-mv.de\/wp-content\/uploads\/2013\/06\/drbside.png\" alt=\"\" width=\"300\" height=\"200\" \/><\/a>Kadetten-EM: Josefine Purschke &amp; Karl Marbach<\/strong><br \/>\n<strong>Junioren-WM: Andrej Ginc<\/strong><\/p>\n<p>Text: J\u00f6rg Richter<\/p>\n<p>In dieser Woche stehen die Kadetten im Fokus, die in Sarajevo (BIH) ihre Europameisterschaften bestreiten. Die Kadetten sind die j\u00fcngste, bei internationalen Meisterschaften zugelassene Altersklasse, daher hei\u00dft das Motto der deutschen Youngster unter ihren Bundestrainern J\u00fcrgen Scheibe (Freistil), Rainer Kamm (Kadettinnen) und Maik Bullmann (griechisch-r\u00f6mischer Stil), Kampferfahrungen gegen die noch zumeist unbekannten Gegner zu sammeln.<br \/>\nGetestet wird dabei ein neuartiger, zeitlicher Ablauf, bei dem die Qualifikationsk\u00e4mpfe, bis hin zu den Halbfinals an einem Tag ausgetragen werden, die Hoffnungsrunden und Finalk\u00e4mpfe nach erneutem Wiegen am Tag darauf. Dieses Wettkampfsystem wird in diesem Jahr ausschlie\u00dflich bei den Kadetten getestet.<\/p>\n<p><!--more-->Bereits vor zwei Jahren wurde Bosnien-Herzegowina vom Weltverband UWW mit der Ausrichtung der Kadetten-Weltmeisterschaft beauftragt. Die Bedingungen waren 2015 in Sarajevo nicht WM-reif, hier hofft das deutsche Team auf Besserung, zumal die Titelk\u00e4mpfe diesmal nicht in der alten Sporthalle am Stadtrand, sondern in der weitaus gr\u00f6\u00dferen Olympic Hall Zetra \u201cJuan Antonio Samaranch\u201d,ausgetragen werden.<\/p>\n<p>Gleich in der Woche nach den Europameisterschaften der Kadetten sind es die Juniorinnen und Junioren, bei denen in Tampere (FIN) die Weltmeistertitel diesen Jahres vergeben werden. Ende August treffen sich die M\u00e4nner und Frauen zu den Weltmeisterschaften in Paris (FRA), erst Anfang September stehen die Weltmeisterschaften der Kadetten in Athen (GRE) an.<\/p>\n<p>DRB-Auswahl<br \/>\nKadettinnen<br \/>\n52 kg: Josefine Purschke (SV Warnem\u00fcnde)<br \/>\nGriechisch-r\u00f6mischer Stil<br \/>\n100 kg: Karl Marbach (Greifswalder SV)<\/p>\n<p>&nbsp;<\/p>\n<p>Zeitlicher Ablauf Kadetten-EM:<\/p>\n<p>Dienstag, 25.07.17<br \/>\n16 \u2013 16:30 Uhr Wiegen Kadettinnen, GK 38-43-49-56-65 kg<\/p>\n<p>Mittwoch, 26.07.17<br \/>\n10 \u2013 14 Uhr Qualifikation Kadettinnen, GK 38-43-49-56-65 kg<br \/>\n16 \u2013 16:30 Uhr Wiegen Kadettinnen, GK 40-46-52-60-70 kg<br \/>\n17:30 \u2013 18 Uhr Halbfinale Kadettinnen, GK 38-43-49-56-65 kg<\/p>\n<p>Donnerstag, 27.07.2017<br \/>\n9 \u2013 9:15 Uhr Nachwiegen Kadettinnen, GK 38-43-49-56-65 kg<br \/>\n10 \u2013 14 Uhr Qualifikation Kadettinnen, GK 40-46-52-60-70 kg<br \/>\n10 \u2013 14 Uhr Hoffnungsrunden Kadettinnen, GK 38-43-49-56-65 kg<br \/>\n16 \u2013 16:30 Uhr Wiegen griechisch-r\u00f6mischer Stil, GK 42-50-58-69-85 kg<br \/>\n17:30 \u2013 18 Uhr Halbfinale Kadettinnen, GK 40-46-52-60-70 kg<br \/>\n18 \u2013 20 Uhr Finale Kadettinnen, GK 38-43-49-56-65 kg<\/p>\n<p>Freitag, 28.07.17<br \/>\n9 \u2013 9:15 Uhr Nachwiegen Kadettinnen, GK 40-46-52-60-70 kg<br \/>\n10 \u2013 14 Uhr Qualifikation griechisch-r\u00f6mischer Stil, GK 42-50-58-69-85 kg<br \/>\n10 \u2013 14 Uhr Hoffnungsrunden Kadettinnen, GK 40-46-52-60-70 kg<br \/>\n16 \u2013 16:30 Uhr Wiegen griechisch-r\u00f6mischer Stil, GK 46-54-63-76-100 kg<br \/>\n17:30 \u2013 18 Uhr Halbfinale griechisch-r\u00f6mischer Stil, GK 42-50-58-69-85 kg<br \/>\n18 \u2013 20 Uhr Finale Kadettinnen, GK 40-46-52-60-70 kg<\/p>\n<p>Samstag, 29.07.17<br \/>\n9 \u2013 9:15 Uhr Nachwiegen griechisch-r\u00f6mischer Stil, GK 42-50-58-69-85 kg<br \/>\n10 \u2013 14 Uhr Qualifikation griechisch-r\u00f6mischer Stil, GK 46-54-63-76-100 kg<br \/>\n10 \u2013 14 Uhr Hoffnungsrunde griechisch-r\u00f6mischer Stil, GK 42-50-58-69-85 kg<br \/>\n17:30 \u2013 18 Uhr Halbfinale griechisch-r\u00f6mischer Stil, GK 46-54-63-76-100 kg<br \/>\n18 \u2013 20 Uhr Finale griechisch-r\u00f6mischer Stil, GK 42-50-58-69-85 kg<\/p>\n<p>Sonntag, 30.07.17<br \/>\n14 \u2013 14:15 Uhr Nachwiegen griechisch-r\u00f6mischer Stil, GK 46-54-63-76-100 kg<br \/>\n15:30 \u2013 16 Uhr Hoffnungsrunde griechisch-r\u00f6mischer Stil, GK 46-54-63-76-100 kg<br \/>\n17 \u2013 19 Uhr Finale griechisch-r\u00f6mischer Stil, GK 46-54-63-76-100 kg<\/p>\n<p>&nbsp;<\/p>\n<p>Andrej Ginc (SAV Torgelow) wurde vom DRB f\u00fcr die Weltmeisterschaften der Junioren nominiert.<br \/>\nEr wird im griechisch-r\u00f6mischen Stil in der 60 kg Klasse an den Start gehen.<br \/>\nDie Junioren-WM findet vom 03.08. &#8211; 07.08.17 in Tampere (Finnland) statt.<\/p>\n","protected":false},"excerpt":{"rendered":"<p>Kadetten-EM: Josefine Purschke &amp; Karl Marbach Junioren-WM: Andrej Ginc Text: J\u00f6rg Richter In dieser Woche stehen die Kadetten im Fokus, die in Sarajevo (BIH) ihre Europameisterschaften bestreiten. Die Kadetten sind die j\u00fcngste, bei internationalen Meisterschaften zugelassene Altersklasse, daher hei\u00dft das Motto der deutschen Youngster unter ihren Bundestrainern J\u00fcrgen<\/p>\n","protected":false},"author":2,"featured_media":0,"comment_status":"open","ping_status":"open","sticky":false,"template":"","format":"standard","meta":{"footnotes":""},"categories":[1],"tags":[],"class_list":["post-4743","post","type-post","status-publish","format-standard","hentry","category-allgemein"],"_links":{"self":[{"href":"https:\/\/www.ringen-mv.de\/index.php?rest_route=\/wp\/v2\/posts\/4743","targetHints":{"allow":["GET"]}}],"collection":[{"href":"https:\/\/www.ringen-mv.de\/index.php?rest_route=\/wp\/v2\/posts"}],"about":[{"href":"https:\/\/www.ringen-mv.de\/index.php?rest_route=\/wp\/v2\/types\/post"}],"author":[{"embeddable":true,"href":"https:\/\/www.ringen-mv.de\/index.php?rest_route=\/wp\/v2\/users\/2"}],"replies":[{"embeddable":true,"href":"https:\/\/www.ringen-mv.de\/index.php?rest_route=%2Fwp%2Fv2%2Fcomments&post=4743"}],"version-history":[{"count":3,"href":"https:\/\/www.ringen-mv.de\/index.php?rest_route=\/wp\/v2\/posts\/4743\/revisions"}],"predecessor-version":[{"id":4746,"href":"https:\/\/www.ringen-mv.de\/index.php?rest_route=\/wp\/v2\/posts\/4743\/revisions\/4746"}],"wp:attachment":[{"href":"https:\/\/www.ringen-mv.de\/index.php?rest_route=%2Fwp%2Fv2%2Fmedia&parent=4743"}],"wp:term":[{"taxonomy":"category","embeddable":true,"href":"https:\/\/www.ringen-mv.de\/index.php?rest_route=%2Fwp%2Fv2%2Fcategories&post=4743"},{"taxonomy":"post_tag","embeddable":true,"href":"https:\/\/www.ringen-mv.de\/index.php?rest_route=%2Fwp%2Fv2%2Ftags&post=4743"}],"curies":[{"name":"wp","href":"https:\/\/api.w.org\/{rel}","templated":true}]}}