{"id":4766,"date":"2017-08-14T10:29:54","date_gmt":"2017-08-14T08:29:54","guid":{"rendered":"http:\/\/www.sav-torgelow-ringen.de\/RV%20MV2\/wordpress_341-de\/wordpress\/?p=4766"},"modified":"2017-08-14T10:29:54","modified_gmt":"2017-08-14T08:29:54","slug":"sportler-aus-mv-fuer-wm-vom-drb-nominiert","status":"publish","type":"post","link":"https:\/\/www.ringen-mv.de\/?p=4766","title":{"rendered":"Sportler aus MV f\u00fcr WM vom DRB nominiert"},"content":{"rendered":"<p><a href=\"http:\/\/www.ringen-mv.de\/wp-content\/uploads\/2017\/08\/Lennard-Wickel.jpg\"><img loading=\"lazy\" decoding=\"async\" class=\"alignleft size-medium wp-image-4763\" src=\"http:\/\/www.ringen-mv.de\/wp-content\/uploads\/2017\/08\/Lennard-Wickel-240x300.jpg\" alt=\"\" width=\"240\" height=\"300\" srcset=\"https:\/\/www.ringen-mv.de\/wp-content\/uploads\/2017\/08\/Lennard-Wickel-240x300.jpg 240w, https:\/\/www.ringen-mv.de\/wp-content\/uploads\/2017\/08\/Lennard-Wickel.jpg 725w\" sizes=\"auto, (max-width: 240px) 100vw, 240px\" \/><\/a>Lennard Wickel (RV L\u00fcbtheen) ist f\u00fcr die Weltmeisterschaften der M\u00e4nner im Freistil nominiert.<br \/>\nEr wird in der 70 kg Klasse an den Start gehen.<br \/>\nDie WM findet vom 21.08. &#8211; 26.08.17 in Paris (Frankreich) statt.<\/p>\n<p>Josefine Purschke (SV Warnem\u00fcnde) ist f\u00fcr die Weltmeisterschaften der Kadettinnen nominiert.<br \/>\nSie wird in der 52 kg Klasse an den Start gehen.<br \/>\nDie WM findet vom 04.09. &#8211; 10.09.17 in Athen (Griechenland) statt.<\/p>\n<p>Wir w\u00fcnschen beiden viel Erfolg und dr\u00fccken die Daumen.<\/p>\n","protected":false},"excerpt":{"rendered":"<p>Lennard Wickel (RV L\u00fcbtheen) ist f\u00fcr die Weltmeisterschaften der M\u00e4nner im Freistil nominiert. Er wird in der 70 kg Klasse an den Start gehen. Die WM findet vom 21.08. &#8211; 26.08.17 in Paris (Frankreich) statt. Josefine Purschke (SV Warnem\u00fcnde) ist f\u00fcr die Weltmeisterschaften der Kadettinnen nominiert. Sie wird<\/p>\n","protected":false},"author":2,"featured_media":0,"comment_status":"open","ping_status":"open","sticky":false,"template":"","format":"standard","meta":{"footnotes":""},"categories":[4,17],"tags":[],"class_list":["post-4766","post","type-post","status-publish","format-standard","hentry","category-lubtheen","category-warnemunde"],"_links":{"self":[{"href":"https:\/\/www.ringen-mv.de\/index.php?rest_route=\/wp\/v2\/posts\/4766","targetHints":{"allow":["GET"]}}],"collection":[{"href":"https:\/\/www.ringen-mv.de\/index.php?rest_route=\/wp\/v2\/posts"}],"about":[{"href":"https:\/\/www.ringen-mv.de\/index.php?rest_route=\/wp\/v2\/types\/post"}],"author":[{"embeddable":true,"href":"https:\/\/www.ringen-mv.de\/index.php?rest_route=\/wp\/v2\/users\/2"}],"replies":[{"embeddable":true,"href":"https:\/\/www.ringen-mv.de\/index.php?rest_route=%2Fwp%2Fv2%2Fcomments&post=4766"}],"version-history":[{"count":1,"href":"https:\/\/www.ringen-mv.de\/index.php?rest_route=\/wp\/v2\/posts\/4766\/revisions"}],"predecessor-version":[{"id":4767,"href":"https:\/\/www.ringen-mv.de\/index.php?rest_route=\/wp\/v2\/posts\/4766\/revisions\/4767"}],"wp:attachment":[{"href":"https:\/\/www.ringen-mv.de\/index.php?rest_route=%2Fwp%2Fv2%2Fmedia&parent=4766"}],"wp:term":[{"taxonomy":"category","embeddable":true,"href":"https:\/\/www.ringen-mv.de\/index.php?rest_route=%2Fwp%2Fv2%2Fcategories&post=4766"},{"taxonomy":"post_tag","embeddable":true,"href":"https:\/\/www.ringen-mv.de\/index.php?rest_route=%2Fwp%2Fv2%2Ftags&post=4766"}],"curies":[{"name":"wp","href":"https:\/\/api.w.org\/{rel}","templated":true}]}}