{"id":4769,"date":"2017-09-04T13:28:40","date_gmt":"2017-09-04T11:28:40","guid":{"rendered":"http:\/\/www.sav-torgelow-ringen.de\/RV%20MV2\/wordpress_341-de\/wordpress\/?p=4769"},"modified":"2017-09-04T13:28:40","modified_gmt":"2017-09-04T11:28:40","slug":"weltmeisterschaften-der-kadetten-in-athen","status":"publish","type":"post","link":"https:\/\/www.ringen-mv.de\/?p=4769","title":{"rendered":"Weltmeisterschaften der Kadetten in Athen"},"content":{"rendered":"<p><a href=\"http:\/\/www.ringen-mv.de\/wp-content\/uploads\/2017\/09\/jp.jpg\"><img loading=\"lazy\" decoding=\"async\" class=\"alignleft size-medium wp-image-4770\" src=\"http:\/\/www.ringen-mv.de\/wp-content\/uploads\/2017\/09\/jp-133x300.jpg\" alt=\"\" width=\"133\" height=\"300\" srcset=\"https:\/\/www.ringen-mv.de\/wp-content\/uploads\/2017\/09\/jp-133x300.jpg 133w, https:\/\/www.ringen-mv.de\/wp-content\/uploads\/2017\/09\/jp.jpg 370w\" sizes=\"auto, (max-width: 133px) 100vw, 133px\" \/><\/a>Josefine Purschke (SV Warnem\u00fcnde) tritt in Athen in der 52 kg Gewichtsklasse an.<\/p>\n<p>Athen \u2013 Viele Ringkampfanh\u00e4nger haben noch die Bilder von den Weltmeisterschaften der M\u00e4nner und Frauen in Paris (FRA) vor Augen, die Ende August zu Ende gingen, schon steht das n\u00e4chste Ringer-Event an, in dieser Woche k\u00e4mpft mit den Kadetten die j\u00fcngste, bei internationalen Meisterschaften zugelassene Altersklasse in Athen (GRE) um WM-Medaillen.<\/p>\n<p>Wie schon in Paris, so sind es auch in Athen die Griechisch-R\u00f6misch-Spezialisten, die an den ersten Wettkampftagen die 10 Titeltr\u00e4ger und Medaillengewinner ermitteln. Mit dem neuen Ablauf der Titelk\u00e4mpfe, die sich f\u00fcr die einzelnen Gewichtsklassen nunmehr \u00fcber zwei Wettkampftage erstrecken, haben die Kadetten bereits Erfahrung, denn bei den Europameisterschaften Ende Juli in Sarajevo (BIH), wurde das neue Wettkampfsystem erstmals getestet.<\/p>\n<p><!--more-->\u201eWir wollen mit dem &#8218;Nachwiegen&#8216; die teilweise \u00fcberdimensionale Gewichtsreduzierung einiger Sportler eind\u00e4mmen\u201c, begr\u00fcndete der Pr\u00e4sident des Ringer-Weltverbandes Nenad Lalovic diese Entscheidung f\u00fcr das neue Wettkampfsystem.<br \/>\nSo wird am Nachmittag, vor dem ersten Wettkampftag gewogen und auch vor dem ersten Duell m\u00fcssen die Athleten noch einmal auf das Wiegeinstrument. Am ersten Wettkampftag geht es bis hin zum Halbfinale, der zweite Wettkampftag beinhaltet ein erneutes Wiegen am Morgen, danach die Hoffnungsrunden, am Abend dann die Finalk\u00e4mpfe um Gold und Bronze.<\/p>\n<p>Der Deutsche Ringer- Bund entsendet kleine Delegationen nach Athen (GRE). Zum Beginn der Titelk\u00e4mpfe treten Samuel Bellscheid (58 kg\/KSK Neuss), Anton Vieweg (76 kg\/RV Lugau) und Patrick Neumaier (85 kg\/KSV Hofstetten) in Griechenland auf die Matten. Bei den Europameisterschaften 2017 in Sarajevo (BIH) konnten die Griechisch-R\u00f6misch-Spezialisten keine Medaille erk\u00e4mpfen, der 8. Platz von Patrick Neumaier war in Bosnien-Herzegowina die beste Platzierung des deutschen Kadetten-Teams um Bundestrainer Maik Bullmann.<\/p>\n<p>Im Mittelteil der Titelk\u00e4mpfe stehen die jungen Damen im Blickpunkt. Bundestrainer Rainer Kamm hat Cenine Mehner (43 kg\/AC \u00dcckerath), Josefine Purschke (52 kg\/SV Warnem\u00fcnde), Anastasia Blayvas (56 kg\/KFC Leipzig) und Elena Sell (60 kg\/TSV Gailbach) f\u00fcr die Weltmeisterschaften in Athen nominiert. Celine Mehner, die erst k\u00fcrzlich vom nordbadischen Verein KSV Kirrlach zum AC \u00dcckerath wechselte, gl\u00e4nzte in Sarajevo mit EM-Bronze und auch Anastasia Blayvas stand im kleinen Finale, unterlag dort jedoch und erzielte damit den 5. Platz.<br \/>\nAuch Elena Sell und Josefine Purschke wurden von Bundestrainer Rainer Kamm mit Lob bedacht, k\u00f6nnen nun in Athen erneut Anlauf nehmen.<\/p>\n<p>Gro\u00dfe Hoffnungen lasten vor allem auf den jungen Freistilringern um Bundestrainer J\u00fcrgen Scheibe, der mit Niklas Stechele (50 kg\/TSV Westendorf), Tino Rettinger (63 kg\/RWG M\u00f6mbris-K\u00f6nigshofen) und Alex H\u00f6rner (76 kg\/KSC Graben-Neudorf) die drei Bronzemedaillengewinner von Sarajevo nominierte.<br \/>\nDoch h\u00e4ngen bei den Weltmeisterschaften die Trauben auch bei den Kadetten weitaus h\u00f6her, kommen doch die technisch versierten Asiaten, aber auch die kampfstarken US-Boys hinzu.<\/p>\n<p>Die Wettk\u00e4mpfe werden an ber\u00fchmter Stelle, n\u00e4mlich im Olympia-Cetrum (Centre Olympique de Lutte Ano Liossia \/ Ano Liosia Olympic Hall) ausgetragen, wo auch 2004 um olympische Medaillen gek\u00e4mpft wurde. Wie schon gewohnt kann man die Duelle \u00fcber denn Live-Straeam der UWW verfolgen: <a href=\"https:\/\/unitedworldwrestling.org\/event\/world-championships-29\">https:\/\/unitedworldwrestling.org\/event\/world-championships-29<\/a>.<\/p>\n<p>jr<\/p>\n","protected":false},"excerpt":{"rendered":"<p>Josefine Purschke (SV Warnem\u00fcnde) tritt in Athen in der 52 kg Gewichtsklasse an. Athen \u2013 Viele Ringkampfanh\u00e4nger haben noch die Bilder von den Weltmeisterschaften der M\u00e4nner und Frauen in Paris (FRA) vor Augen, die Ende August zu Ende gingen, schon steht das n\u00e4chste Ringer-Event an, in dieser Woche<\/p>\n","protected":false},"author":2,"featured_media":0,"comment_status":"open","ping_status":"open","sticky":false,"template":"","format":"standard","meta":{"footnotes":""},"categories":[17],"tags":[],"class_list":["post-4769","post","type-post","status-publish","format-standard","hentry","category-warnemunde"],"_links":{"self":[{"href":"https:\/\/www.ringen-mv.de\/index.php?rest_route=\/wp\/v2\/posts\/4769","targetHints":{"allow":["GET"]}}],"collection":[{"href":"https:\/\/www.ringen-mv.de\/index.php?rest_route=\/wp\/v2\/posts"}],"about":[{"href":"https:\/\/www.ringen-mv.de\/index.php?rest_route=\/wp\/v2\/types\/post"}],"author":[{"embeddable":true,"href":"https:\/\/www.ringen-mv.de\/index.php?rest_route=\/wp\/v2\/users\/2"}],"replies":[{"embeddable":true,"href":"https:\/\/www.ringen-mv.de\/index.php?rest_route=%2Fwp%2Fv2%2Fcomments&post=4769"}],"version-history":[{"count":1,"href":"https:\/\/www.ringen-mv.de\/index.php?rest_route=\/wp\/v2\/posts\/4769\/revisions"}],"predecessor-version":[{"id":4771,"href":"https:\/\/www.ringen-mv.de\/index.php?rest_route=\/wp\/v2\/posts\/4769\/revisions\/4771"}],"wp:attachment":[{"href":"https:\/\/www.ringen-mv.de\/index.php?rest_route=%2Fwp%2Fv2%2Fmedia&parent=4769"}],"wp:term":[{"taxonomy":"category","embeddable":true,"href":"https:\/\/www.ringen-mv.de\/index.php?rest_route=%2Fwp%2Fv2%2Fcategories&post=4769"},{"taxonomy":"post_tag","embeddable":true,"href":"https:\/\/www.ringen-mv.de\/index.php?rest_route=%2Fwp%2Fv2%2Ftags&post=4769"}],"curies":[{"name":"wp","href":"https:\/\/api.w.org\/{rel}","templated":true}]}}