{"id":4793,"date":"2017-10-23T07:57:18","date_gmt":"2017-10-23T05:57:18","guid":{"rendered":"http:\/\/www.sav-torgelow-ringen.de\/RV%20MV2\/wordpress_341-de\/wordpress\/?p=4793"},"modified":"2017-10-25T20:13:09","modified_gmt":"2017-10-25T18:13:09","slug":"wm-der-aktiven-ueber-35-jahre-im-ringen","status":"publish","type":"post","link":"https:\/\/www.ringen-mv.de\/?p=4793","title":{"rendered":"WM der Aktiven \u00fcber 35 Jahre im Ringen"},"content":{"rendered":"<div id=\"attachment_4794\" style=\"width: 310px\" class=\"wp-caption alignleft\"><a href=\"http:\/\/www.ringen-mv.de\/wp-content\/uploads\/2017\/10\/Stefan-Pentschew-beim-Sieg-um-Bronze-gegen-den-Bulgaren-Hadzhi.jpg\"><img loading=\"lazy\" decoding=\"async\" aria-describedby=\"caption-attachment-4794\" class=\"size-medium wp-image-4794\" src=\"http:\/\/www.ringen-mv.de\/wp-content\/uploads\/2017\/10\/Stefan-Pentschew-beim-Sieg-um-Bronze-gegen-den-Bulgaren-Hadzhi-300x200.jpg\" alt=\"\" width=\"300\" height=\"200\" srcset=\"https:\/\/www.ringen-mv.de\/wp-content\/uploads\/2017\/10\/Stefan-Pentschew-beim-Sieg-um-Bronze-gegen-den-Bulgaren-Hadzhi-300x200.jpg 300w, https:\/\/www.ringen-mv.de\/wp-content\/uploads\/2017\/10\/Stefan-Pentschew-beim-Sieg-um-Bronze-gegen-den-Bulgaren-Hadzhi-768x513.jpg 768w, https:\/\/www.ringen-mv.de\/wp-content\/uploads\/2017\/10\/Stefan-Pentschew-beim-Sieg-um-Bronze-gegen-den-Bulgaren-Hadzhi.jpg 800w\" sizes=\"auto, (max-width: 300px) 100vw, 300px\" \/><\/a><p id=\"caption-attachment-4794\" class=\"wp-caption-text\">Stefan Pentschew beim Sieg um Bronze gegen den Bulgaren Hadzhi<\/p><\/div>\n<p>Plovdiv Bulgarien<\/p>\n<p>Die o.g. Veranstaltung, in der Vergangenheit nur als Veteranen \u2013 WM bezeichnet, hat eine neue Altersbegrenzung nach oben erfahren. \u2013 Diese liegt jetzt bei 60 Jahren, um die noch \u00e4lteren, aber durchaus wettkampfbereiten Athleten gesundheitlich zu sch\u00fctzen. Diese Entscheidung des Weltverbandes wird von den aktiven Sportlern stark kritisiert. In Bulgarien organisierten die Amerikaner einen Protest, der von zahlreichen weiteren Nationen mitgetragen wurde. Hier ist das letzte Wort sicherlich noch nicht gesprochen.<br \/>\n<!--more-->Die teilnehmenden Ringer des SV Warnem\u00fcnde befinden sich demzufolge alle in diesem zugelassenen Altersbereich und erf\u00fcllen somit in dieser Hinsicht schon mal die notwendigen Voraussetzungen.<br \/>\nDass dies auch in sportlicher Hinsicht der Fall ist, daf\u00fcr sorgen sie durch w\u00f6chentlich wenigstens 2<br \/>\nstraffe Trainingseinheiten, die bis auf 4 bis 5 in unmittelbarer Wettkampfvorbereitung erh\u00f6ht werden.<br \/>\nIn diesem Jahr fand diese Veranstaltung vom 09. \u2013 15.10. im bulgarischen Plovdiv statt.<br \/>\nVom SV Warnem\u00fcnde machte sich eine kleine, aber leistungsstarke Truppe von Freistilspezialisten auf den Weg. \u2013 Schon im Vorfeld gab Betreuer Siegfried Jozlowski, seines Zeichen selbst 7 \u2013 maliger \u201eVeteranenweltmeister\u201c, seinen Wunsch nach 2 Medaillen bekannt. Am K\u00f6nnen und dem Ehrgeiz der Aktiven sollte es nicht liegen, das war schon vorher bekannt. \u2013 Aber die Konkurrenz war sehr stark und die Verbissenheit, mit der um jede Wertung gek\u00e4mpft wurde, kann man getrost als au\u00dfergew\u00f6hnlich bezeichnen.<\/p>\n<p><strong>Stefan Pentschew \/ Altersklasse B \/ Gewichtsklasse : 70Kg \/ 13 Teilnehmer \/ III. Platz<\/strong><br \/>\nIn seinem ersten Kampf stand Stefan dem Azerbaidschaner IBADOV gegen\u00fcber und musste nach einer ansprechenden Leistung eine Punktniederlage hinnehmen.<br \/>\nDa international im K.o. \u2013 System gerungen wird, w\u00e4re der Wettkampf hier f\u00fcr ihn zu Ende gewesen, aber die Regel besagt, wenn der Sieger bis ins Finale vordringt, kann der Unterlegene \u00fcber die Hoffnungsrunde wieder in den Wettkampf eingreifen. \u2013 Und IBADOV wurde nicht nur Finalteilnehmer, sondern letztendlich auch Weltmeister, was Stefan die M\u00f6glichkeit er\u00f6ffnete nochmals in den Kampf um Bronze einzusteigen.<br \/>\nDiese Chance nutzte Stefan rigoros: Er besiegte in der Hoffnungsrunde STECLARI aus<br \/>\nMoldawien und lie\u00df auch im Kampf um Bronze gegen den einheimischen Bulgaren HADZHI,<br \/>\nden er mit 4 : 2 nach Punkten gewann, nichts anbrennen. \u2013 Gl\u00fcckwunsch zur zweiten internationalen Platzierung.<\/p>\n<p><strong>Dirk Stastny \/ Altersklasse C \/ Gewichtsklasse : 78 Kg \/ 14 Teilnehmer \/ 7. Platz<\/strong><br \/>\nDirk hatte eine Bronzemedaille aus dem Vorjahr zu verteidigen und ging entsprechend motiviert in den Wettkampf. Gegen seinen ersten Gegner CAYMAZ lag er bereits hoffnungslos nach Punkten zur\u00fcck, bevor er diesen mit einer Energieleistung noch auf Schultern bezwang. Auch der Grieche<br \/>\nKARAVANOS schien besiegbar, aber Dirk fand keine Einstellung zu seinem Gegner und musste letztendlich nach Punkten die Segel streichen. \u2013 Schade !!!!!!<\/p>\n<p><strong>Jens F\u00fctterer \/ Altersklasse D \/ Gewichtsklasse : 78 Kg \/ 8 Teilnehmer \/ III. Platz<\/strong><br \/>\nAuch Jens hatte eine Bronzemedaille aus dem Vorjahr zu verteidigen, aber ging sehr gut mit dieser B\u00fcrde um. Den ersten Kampf gegen den Japaner KAKEFUDA entschied er aufgrund der h\u00f6heren technischen Wertung beim Stand von 2 : 2 f\u00fcr sich, was sich f\u00fcr den weiteren Wettkampfverlauf als \u00e4u\u00dferst positiv herausstellen sollte. \u2013 Seinen n\u00e4chsten Kampf gegen den sehr starken Iraner JOHARI SEFID, der letztlich Weltmeister wurde, verlor \u201eF\u00fctti\u201c hoch nach Punkten. Und so ergab sich f\u00fcr ihn denn noch der Kampf um Bronze.<br \/>\nDiesen entschied er gegen den Bulgaren BONEV mit 10 : 0 Punkten sehr souver\u00e4n f\u00fcr sich und konnte seinen Erfolg aus dem Vorjahr mit Platz III wiederholen. \u2013 Klasse !!!!!!<\/p>\n<p><strong>Thorsten Wietzke \/ Altersklasse E \/ Gewichtsklasse : 78 Kg \/ 20 Teilnehmer \/ 10. Platz<\/strong><br \/>\nThorsten wollte es nach bereits vielen erfolgreichen Wettk\u00e4mpfen ( Weltmeister und mehrfacher Medaillengewinner ) nochmals bei den \u00dc35 wissen, konnte jedoch durch dienstliche Belastung nicht wie gew\u00fcnscht rechtzeitig ins Training einsteigen. Dies r\u00e4chte sich in Bulgarien. Dazu musste Thorsten mit starken R\u00fcckenschmerzen in das Turnier starten. So war er nicht in der Lage seine \u201enormale\u201c Wettkampfform zu pr\u00e4sentieren.<\/p>\n<p>Den ersten Kampf, den er bestritt, gewann er mit Bravour 18 : 10 gegen den Rum\u00e4nen PADARARU.<br \/>\nDoch schon hier merkte er, dass der weitere Wettkampf zur Tortur werden w\u00fcrde.<br \/>\nIm darauffolgenden Fight gegen den Russen EGOROV konnte er aufgrund der R\u00fcckenschmerzen nicht mehr aktiv agieren und zog mit 5 : 0 den K\u00fcrzeren und schied aus dem Turnier aus. Gute Besserung Thorsten.<\/p>\n<p>Ein sehr erfolgreiches Abschneiden unserer Oldies, bei denen wir uns hiermit herzlich bedanken.<\/p>\n<div id=\"attachment_4795\" style=\"width: 310px\" class=\"wp-caption alignleft\"><a href=\"http:\/\/www.ringen-mv.de\/wp-content\/uploads\/2017\/10\/Jens-F\u00fctter-beim-Sieg-um-Bronze-gegen-den-Bulgaren-Bonev.jpg\"><img loading=\"lazy\" decoding=\"async\" aria-describedby=\"caption-attachment-4795\" class=\"size-medium wp-image-4795\" src=\"http:\/\/www.ringen-mv.de\/wp-content\/uploads\/2017\/10\/Jens-F\u00fctter-beim-Sieg-um-Bronze-gegen-den-Bulgaren-Bonev-300x200.jpg\" alt=\"\" width=\"300\" height=\"200\" srcset=\"https:\/\/www.ringen-mv.de\/wp-content\/uploads\/2017\/10\/Jens-F\u00fctter-beim-Sieg-um-Bronze-gegen-den-Bulgaren-Bonev-300x200.jpg 300w, https:\/\/www.ringen-mv.de\/wp-content\/uploads\/2017\/10\/Jens-F\u00fctter-beim-Sieg-um-Bronze-gegen-den-Bulgaren-Bonev-768x513.jpg 768w, https:\/\/www.ringen-mv.de\/wp-content\/uploads\/2017\/10\/Jens-F\u00fctter-beim-Sieg-um-Bronze-gegen-den-Bulgaren-Bonev.jpg 800w\" sizes=\"auto, (max-width: 300px) 100vw, 300px\" \/><\/a><p id=\"caption-attachment-4795\" class=\"wp-caption-text\">Jens F\u00fctter beim Sieg um Bronze gegen den Bulgaren Bonev<\/p><\/div>\n<p>&nbsp;<\/p>\n<p>Text: Hans Wittkowski<br \/>\nFotos: Jens F\u00fctterer<\/p>\n","protected":false},"excerpt":{"rendered":"<p>Plovdiv Bulgarien Die o.g. Veranstaltung, in der Vergangenheit nur als Veteranen \u2013 WM bezeichnet, hat eine neue Altersbegrenzung nach oben erfahren. \u2013 Diese liegt jetzt bei 60 Jahren, um die noch \u00e4lteren, aber durchaus wettkampfbereiten Athleten gesundheitlich zu sch\u00fctzen. Diese Entscheidung des Weltverbandes wird von den aktiven Sportlern<\/p>\n","protected":false},"author":2,"featured_media":0,"comment_status":"open","ping_status":"open","sticky":false,"template":"","format":"standard","meta":{"footnotes":""},"categories":[17],"tags":[],"class_list":["post-4793","post","type-post","status-publish","format-standard","hentry","category-warnemunde"],"_links":{"self":[{"href":"https:\/\/www.ringen-mv.de\/index.php?rest_route=\/wp\/v2\/posts\/4793","targetHints":{"allow":["GET"]}}],"collection":[{"href":"https:\/\/www.ringen-mv.de\/index.php?rest_route=\/wp\/v2\/posts"}],"about":[{"href":"https:\/\/www.ringen-mv.de\/index.php?rest_route=\/wp\/v2\/types\/post"}],"author":[{"embeddable":true,"href":"https:\/\/www.ringen-mv.de\/index.php?rest_route=\/wp\/v2\/users\/2"}],"replies":[{"embeddable":true,"href":"https:\/\/www.ringen-mv.de\/index.php?rest_route=%2Fwp%2Fv2%2Fcomments&post=4793"}],"version-history":[{"count":3,"href":"https:\/\/www.ringen-mv.de\/index.php?rest_route=\/wp\/v2\/posts\/4793\/revisions"}],"predecessor-version":[{"id":4798,"href":"https:\/\/www.ringen-mv.de\/index.php?rest_route=\/wp\/v2\/posts\/4793\/revisions\/4798"}],"wp:attachment":[{"href":"https:\/\/www.ringen-mv.de\/index.php?rest_route=%2Fwp%2Fv2%2Fmedia&parent=4793"}],"wp:term":[{"taxonomy":"category","embeddable":true,"href":"https:\/\/www.ringen-mv.de\/index.php?rest_route=%2Fwp%2Fv2%2Fcategories&post=4793"},{"taxonomy":"post_tag","embeddable":true,"href":"https:\/\/www.ringen-mv.de\/index.php?rest_route=%2Fwp%2Fv2%2Ftags&post=4793"}],"curies":[{"name":"wp","href":"https:\/\/api.w.org\/{rel}","templated":true}]}}