{"id":4816,"date":"2018-01-03T11:04:36","date_gmt":"2018-01-03T10:04:36","guid":{"rendered":"http:\/\/www.sav-torgelow-ringen.de\/RV%20MV2\/wordpress_341-de\/wordpress\/?p=4816"},"modified":"2018-02-06T08:10:29","modified_gmt":"2018-02-06T07:10:29","slug":"ausschreibung-ndem-maenner-jugend-a-und-b","status":"publish","type":"post","link":"https:\/\/www.ringen-mv.de\/?p=4816","title":{"rendered":"Ausschreibung \u2013 NDEM M\u00e4nner &amp; Jugend A und B"},"content":{"rendered":"<p><a href=\"http:\/\/www.ringen-mv.de\/wp-content\/uploads\/2016\/02\/logo-l\u00fcbtheen.png\"><img loading=\"lazy\" decoding=\"async\" class=\"alignleft size-full wp-image-4061\" src=\"http:\/\/www.ringen-mv.de\/wp-content\/uploads\/2016\/02\/logo-l\u00fcbtheen.png\" alt=\"\" width=\"150\" height=\"150\" srcset=\"https:\/\/www.ringen-mv.de\/wp-content\/uploads\/2016\/02\/logo-l\u00fcbtheen.png 150w, https:\/\/www.ringen-mv.de\/wp-content\/uploads\/2016\/02\/logo-l\u00fcbtheen-75x75.png 75w\" sizes=\"auto, (max-width: 150px) 100vw, 150px\" \/><\/a><strong><span style=\"color: #ff0000\">Achtung Erg\u00e4nzung:<\/span><\/strong><\/p>\n<p>A-Jugend in beiden Stilarten <span style=\"color: #ff0000\">bis 42 kg<\/span><br \/>\nund<br \/>\nB-Jugend in beiden Stilarten <span style=\"color: #ff0000\">bis 35 kg <\/span><\/p>\n<p>&nbsp;<\/p>\n<p>Die offene Norddeutsche Einzelmeisterschaft im Freistil\/gr.-r\u00f6m. Stil der M\u00e4nner sowie der Jugend A und B findet am 24. Februar 2018 in L\u00fcbtheen statt.<\/p>\n<p><a href=\"http:\/\/www.ringen-mv.de\/wp-content\/uploads\/2018\/02\/NDEM-2018-M\u00e4nner-06.02.18.pdf\">Ausschreibung NDEM 2018<\/a><\/p>\n","protected":false},"excerpt":{"rendered":"<p>Achtung Erg\u00e4nzung: A-Jugend in beiden Stilarten bis 42 kg und B-Jugend in beiden Stilarten bis 35 kg &nbsp; Die offene Norddeutsche Einzelmeisterschaft im Freistil\/gr.-r\u00f6m. Stil der M\u00e4nner sowie der Jugend A und B findet am 24. Februar 2018 in L\u00fcbtheen statt. Ausschreibung NDEM 2018<\/p>\n","protected":false},"author":2,"featured_media":0,"comment_status":"open","ping_status":"open","sticky":false,"template":"","format":"standard","meta":{"footnotes":""},"categories":[13,4],"tags":[],"class_list":["post-4816","post","type-post","status-publish","format-standard","hentry","category-ausschreibung","category-lubtheen"],"_links":{"self":[{"href":"https:\/\/www.ringen-mv.de\/index.php?rest_route=\/wp\/v2\/posts\/4816","targetHints":{"allow":["GET"]}}],"collection":[{"href":"https:\/\/www.ringen-mv.de\/index.php?rest_route=\/wp\/v2\/posts"}],"about":[{"href":"https:\/\/www.ringen-mv.de\/index.php?rest_route=\/wp\/v2\/types\/post"}],"author":[{"embeddable":true,"href":"https:\/\/www.ringen-mv.de\/index.php?rest_route=\/wp\/v2\/users\/2"}],"replies":[{"embeddable":true,"href":"https:\/\/www.ringen-mv.de\/index.php?rest_route=%2Fwp%2Fv2%2Fcomments&post=4816"}],"version-history":[{"count":5,"href":"https:\/\/www.ringen-mv.de\/index.php?rest_route=\/wp\/v2\/posts\/4816\/revisions"}],"predecessor-version":[{"id":4864,"href":"https:\/\/www.ringen-mv.de\/index.php?rest_route=\/wp\/v2\/posts\/4816\/revisions\/4864"}],"wp:attachment":[{"href":"https:\/\/www.ringen-mv.de\/index.php?rest_route=%2Fwp%2Fv2%2Fmedia&parent=4816"}],"wp:term":[{"taxonomy":"category","embeddable":true,"href":"https:\/\/www.ringen-mv.de\/index.php?rest_route=%2Fwp%2Fv2%2Fcategories&post=4816"},{"taxonomy":"post_tag","embeddable":true,"href":"https:\/\/www.ringen-mv.de\/index.php?rest_route=%2Fwp%2Fv2%2Ftags&post=4816"}],"curies":[{"name":"wp","href":"https:\/\/api.w.org\/{rel}","templated":true}]}}