{"id":4975,"date":"2018-06-11T11:56:34","date_gmt":"2018-06-11T09:56:34","guid":{"rendered":"http:\/\/www.sav-torgelow-ringen.de\/RV%20MV2\/wordpress_341-de\/wordpress\/?p=4975"},"modified":"2018-06-11T11:58:20","modified_gmt":"2018-06-11T09:58:20","slug":"rebekka-march-fuer-die-wm-kadetten-nominiert","status":"publish","type":"post","link":"https:\/\/www.ringen-mv.de\/?p=4975","title":{"rendered":"Rebekka March f\u00fcr die WM Kadetten nominiert"},"content":{"rendered":"<p><a href=\"http:\/\/www.ringen-mv.de\/wp-content\/uploads\/2018\/06\/Rebekka-March.jpg\"><img loading=\"lazy\" decoding=\"async\" class=\"alignleft size-medium wp-image-4976\" src=\"http:\/\/www.ringen-mv.de\/wp-content\/uploads\/2018\/06\/Rebekka-March-200x300.jpg\" alt=\"\" width=\"200\" height=\"300\" srcset=\"https:\/\/www.ringen-mv.de\/wp-content\/uploads\/2018\/06\/Rebekka-March-200x300.jpg 200w, https:\/\/www.ringen-mv.de\/wp-content\/uploads\/2018\/06\/Rebekka-March.jpg 640w\" sizes=\"auto, (max-width: 200px) 100vw, 200px\" \/><\/a>Wir freuen uns das Rebekka March (SV Warnem\u00fcnde)<br \/>\nvom DRB f\u00fcr die Kadetten WM vom 03.-07.07.2018<br \/>\nin Zagreb (Kroatien) nominiert wurde.<\/p>\n<p>Wir dr\u00fccken ihr ganz fest die Daumen!<\/p>\n","protected":false},"excerpt":{"rendered":"<p>Wir freuen uns das Rebekka March (SV Warnem\u00fcnde) vom DRB f\u00fcr die Kadetten WM vom 03.-07.07.2018 in Zagreb (Kroatien) nominiert wurde. Wir dr\u00fccken ihr ganz fest die Daumen!<\/p>\n","protected":false},"author":2,"featured_media":0,"comment_status":"open","ping_status":"open","sticky":false,"template":"","format":"standard","meta":{"footnotes":""},"categories":[17],"tags":[],"class_list":["post-4975","post","type-post","status-publish","format-standard","hentry","category-warnemunde"],"_links":{"self":[{"href":"https:\/\/www.ringen-mv.de\/index.php?rest_route=\/wp\/v2\/posts\/4975","targetHints":{"allow":["GET"]}}],"collection":[{"href":"https:\/\/www.ringen-mv.de\/index.php?rest_route=\/wp\/v2\/posts"}],"about":[{"href":"https:\/\/www.ringen-mv.de\/index.php?rest_route=\/wp\/v2\/types\/post"}],"author":[{"embeddable":true,"href":"https:\/\/www.ringen-mv.de\/index.php?rest_route=\/wp\/v2\/users\/2"}],"replies":[{"embeddable":true,"href":"https:\/\/www.ringen-mv.de\/index.php?rest_route=%2Fwp%2Fv2%2Fcomments&post=4975"}],"version-history":[{"count":2,"href":"https:\/\/www.ringen-mv.de\/index.php?rest_route=\/wp\/v2\/posts\/4975\/revisions"}],"predecessor-version":[{"id":4978,"href":"https:\/\/www.ringen-mv.de\/index.php?rest_route=\/wp\/v2\/posts\/4975\/revisions\/4978"}],"wp:attachment":[{"href":"https:\/\/www.ringen-mv.de\/index.php?rest_route=%2Fwp%2Fv2%2Fmedia&parent=4975"}],"wp:term":[{"taxonomy":"category","embeddable":true,"href":"https:\/\/www.ringen-mv.de\/index.php?rest_route=%2Fwp%2Fv2%2Fcategories&post=4975"},{"taxonomy":"post_tag","embeddable":true,"href":"https:\/\/www.ringen-mv.de\/index.php?rest_route=%2Fwp%2Fv2%2Ftags&post=4975"}],"curies":[{"name":"wp","href":"https:\/\/api.w.org\/{rel}","templated":true}]}}