{"id":5129,"date":"2019-01-14T13:42:27","date_gmt":"2019-01-14T12:42:27","guid":{"rendered":"http:\/\/www.sav-torgelow-ringen.de\/RV%20MV2\/wordpress_341-de\/wordpress\/?p=5129"},"modified":"2019-01-14T13:42:27","modified_gmt":"2019-01-14T12:42:27","slug":"ausschreibung-nem-maenner-jugend-a-und-b","status":"publish","type":"post","link":"https:\/\/www.ringen-mv.de\/?p=5129","title":{"rendered":"Ausschreibung \u2013 NEM M\u00e4nner &amp; Jugend A und B"},"content":{"rendered":"<p><a href=\"http:\/\/www.ringen-mv.de\/wp-content\/uploads\/2016\/02\/logo-l\u00fcbtheen.png\"><img loading=\"lazy\" decoding=\"async\" class=\"alignleft size-full wp-image-4061\" src=\"http:\/\/www.ringen-mv.de\/wp-content\/uploads\/2016\/02\/logo-l\u00fcbtheen.png\" alt=\"\" width=\"150\" height=\"150\" srcset=\"https:\/\/www.ringen-mv.de\/wp-content\/uploads\/2016\/02\/logo-l\u00fcbtheen.png 150w, https:\/\/www.ringen-mv.de\/wp-content\/uploads\/2016\/02\/logo-l\u00fcbtheen-75x75.png 75w\" sizes=\"auto, (max-width: 150px) 100vw, 150px\" \/><\/a>Die offene Norddeutsche Einzelmeisterschaft im Freistil\/gr.-r\u00f6m. Stil der M\u00e4nner sowie der Jugend A und B findet am 23. und 24. Februar 2019 in L\u00fcbtheen statt.<\/p>\n<p><a href=\"http:\/\/www.ringen-mv.de\/wp-content\/uploads\/2019\/01\/NEM-2019-L\u00fcbtheen.pdf\">Ausschreibung NEM 2019<\/a><\/p>\n<p><a href=\"http:\/\/www.ringen-mv.de\/wp-content\/uploads\/2019\/01\/Meldeliste-f\u00fcr-Norddeutsche-Einzelmeisterschaft-L\u00fcbtheen.xls\">Meldeliste<\/a><\/p>\n","protected":false},"excerpt":{"rendered":"<p>Die offene Norddeutsche Einzelmeisterschaft im Freistil\/gr.-r\u00f6m. Stil der M\u00e4nner sowie der Jugend A und B findet am 23. und 24. Februar 2019 in L\u00fcbtheen statt. Ausschreibung NEM 2019 Meldeliste<\/p>\n","protected":false},"author":2,"featured_media":0,"comment_status":"open","ping_status":"open","sticky":false,"template":"","format":"standard","meta":{"footnotes":""},"categories":[13,4],"tags":[],"class_list":["post-5129","post","type-post","status-publish","format-standard","hentry","category-ausschreibung","category-lubtheen"],"_links":{"self":[{"href":"https:\/\/www.ringen-mv.de\/index.php?rest_route=\/wp\/v2\/posts\/5129","targetHints":{"allow":["GET"]}}],"collection":[{"href":"https:\/\/www.ringen-mv.de\/index.php?rest_route=\/wp\/v2\/posts"}],"about":[{"href":"https:\/\/www.ringen-mv.de\/index.php?rest_route=\/wp\/v2\/types\/post"}],"author":[{"embeddable":true,"href":"https:\/\/www.ringen-mv.de\/index.php?rest_route=\/wp\/v2\/users\/2"}],"replies":[{"embeddable":true,"href":"https:\/\/www.ringen-mv.de\/index.php?rest_route=%2Fwp%2Fv2%2Fcomments&post=5129"}],"version-history":[{"count":1,"href":"https:\/\/www.ringen-mv.de\/index.php?rest_route=\/wp\/v2\/posts\/5129\/revisions"}],"predecessor-version":[{"id":5130,"href":"https:\/\/www.ringen-mv.de\/index.php?rest_route=\/wp\/v2\/posts\/5129\/revisions\/5130"}],"wp:attachment":[{"href":"https:\/\/www.ringen-mv.de\/index.php?rest_route=%2Fwp%2Fv2%2Fmedia&parent=5129"}],"wp:term":[{"taxonomy":"category","embeddable":true,"href":"https:\/\/www.ringen-mv.de\/index.php?rest_route=%2Fwp%2Fv2%2Fcategories&post=5129"},{"taxonomy":"post_tag","embeddable":true,"href":"https:\/\/www.ringen-mv.de\/index.php?rest_route=%2Fwp%2Fv2%2Ftags&post=5129"}],"curies":[{"name":"wp","href":"https:\/\/api.w.org\/{rel}","templated":true}]}}