{"id":5138,"date":"2019-01-16T08:08:06","date_gmt":"2019-01-16T07:08:06","guid":{"rendered":"http:\/\/www.sav-torgelow-ringen.de\/RV%20MV2\/wordpress_341-de\/wordpress\/?p=5138"},"modified":"2019-01-16T08:11:57","modified_gmt":"2019-01-16T07:11:57","slug":"olympiasieger-werden-80-jahre","status":"publish","type":"post","link":"https:\/\/www.ringen-mv.de\/?p=5138","title":{"rendered":"Ehrenmitglieder werden 80 Jahre"},"content":{"rendered":"<div id=\"attachment_2476\" style=\"width: 310px\" class=\"wp-caption alignleft\"><a href=\"http:\/\/www.ringen-mv.de\/wp-content\/uploads\/2014\/01\/vlnr.Eckhardt-Wallmuth-Vizepraesident-RV-M-V-Heinz-Weinhold-Rudolf-Vesper-Lothar-Metz-Uwe_Bremer-Praesident-RV-M-V.jpg\"><img loading=\"lazy\" decoding=\"async\" aria-describedby=\"caption-attachment-2476\" class=\"size-medium wp-image-2476\" src=\"http:\/\/www.ringen-mv.de\/wp-content\/uploads\/2014\/01\/vlnr.Eckhardt-Wallmuth-Vizepraesident-RV-M-V-Heinz-Weinhold-Rudolf-Vesper-Lothar-Metz-Uwe_Bremer-Praesident-RV-M-V-300x209.jpg\" alt=\"\" width=\"300\" height=\"209\" srcset=\"https:\/\/www.ringen-mv.de\/wp-content\/uploads\/2014\/01\/vlnr.Eckhardt-Wallmuth-Vizepraesident-RV-M-V-Heinz-Weinhold-Rudolf-Vesper-Lothar-Metz-Uwe_Bremer-Praesident-RV-M-V-300x209.jpg 300w, https:\/\/www.ringen-mv.de\/wp-content\/uploads\/2014\/01\/vlnr.Eckhardt-Wallmuth-Vizepraesident-RV-M-V-Heinz-Weinhold-Rudolf-Vesper-Lothar-Metz-Uwe_Bremer-Praesident-RV-M-V-500x349.jpg 500w, https:\/\/www.ringen-mv.de\/wp-content\/uploads\/2014\/01\/vlnr.Eckhardt-Wallmuth-Vizepraesident-RV-M-V-Heinz-Weinhold-Rudolf-Vesper-Lothar-Metz-Uwe_Bremer-Praesident-RV-M-V.jpg 640w\" sizes=\"auto, (max-width: 300px) 100vw, 300px\" \/><\/a><p id=\"caption-attachment-2476\" class=\"wp-caption-text\">v. l.: Eckhardt Wallmuth Vizepr\u00e4sident RV M-V Heinz Weinhold, Rudolf Vesper, Lothar Metz, Uwe Bremer Pr\u00e4sident RV M-V<\/p><\/div>\n<p><strong>Gro\u00dfe Jubil\u00e4en bei den Ringern von Mecklenburg-Vorpommern<\/strong><\/p>\n<p>16.01.1939 Lothar Metz 80 Jahre<br \/>\n03.04.1939 Rudolf Vesper 80 Jahre<br \/>\n27.06.1939 Heinz Weinhold 80 Jahre<\/p>\n<p><!--more-->Das Jahr 2019 wird wieder ein Jahr der besonderen Jubil\u00e4en f\u00fcr gestanden Gr\u00f6\u00dfen der Ringerfamilie in Mecklenburg-Vorpommern.<\/p>\n<p>Am 16. Januar wird Ringerolympiasieger Lothar Metz seinen 80. Geburtstag feiern. Ihm folgt dann am 03. April der zweite Olympiasieger mit demselben Jubil\u00e4um: Rudolf Vesper der genau wie Lothar Metz 1968 in Mexiko die Goldmedaille bei den Olympischen Spielen gewann.<\/p>\n<p>Dritter im Bunde der dann am 27. Juni seinen 80. feiern wird ist Heinz Weinhold. Gerade er hat sich um die Belange des Ringerverbandes Mecklenburg-Vorpommern verdient gemacht. So war er ma\u00dfgebend an der Gr\u00fcndung des Verbandes verantwortlich und f\u00fchrte ihn von 1990 bis 2008 als Pr\u00e4sident.<\/p>\n<p>Allen drei Jubilaren w\u00fcnscht die Ringerfamilie aus Mecklenburg-Vorpommern eine tolle Feier und nat\u00fcrlich auch weiterhin viel Gesundheit.<\/p>\n<p>Weitere Infos zu den Olympiasiegern:<\/p>\n<p><a href=\"https:\/\/de.wikipedia.org\/wiki\/Lothar_Metz\">Lothar Metz<\/a><br \/>\n<a href=\"https:\/\/de.wikipedia.org\/wiki\/Rudolf_Vesper\">Rudolf Vesper<\/a><\/p>\n","protected":false},"excerpt":{"rendered":"<p>Gro\u00dfe Jubil\u00e4en bei den Ringern von Mecklenburg-Vorpommern 16.01.1939 Lothar Metz 80 Jahre 03.04.1939 Rudolf Vesper 80 Jahre 27.06.1939 Heinz Weinhold 80 Jahre<\/p>\n","protected":false},"author":2,"featured_media":0,"comment_status":"open","ping_status":"open","sticky":false,"template":"","format":"standard","meta":{"footnotes":""},"categories":[1],"tags":[],"class_list":["post-5138","post","type-post","status-publish","format-standard","hentry","category-allgemein"],"_links":{"self":[{"href":"https:\/\/www.ringen-mv.de\/index.php?rest_route=\/wp\/v2\/posts\/5138","targetHints":{"allow":["GET"]}}],"collection":[{"href":"https:\/\/www.ringen-mv.de\/index.php?rest_route=\/wp\/v2\/posts"}],"about":[{"href":"https:\/\/www.ringen-mv.de\/index.php?rest_route=\/wp\/v2\/types\/post"}],"author":[{"embeddable":true,"href":"https:\/\/www.ringen-mv.de\/index.php?rest_route=\/wp\/v2\/users\/2"}],"replies":[{"embeddable":true,"href":"https:\/\/www.ringen-mv.de\/index.php?rest_route=%2Fwp%2Fv2%2Fcomments&post=5138"}],"version-history":[{"count":3,"href":"https:\/\/www.ringen-mv.de\/index.php?rest_route=\/wp\/v2\/posts\/5138\/revisions"}],"predecessor-version":[{"id":5141,"href":"https:\/\/www.ringen-mv.de\/index.php?rest_route=\/wp\/v2\/posts\/5138\/revisions\/5141"}],"wp:attachment":[{"href":"https:\/\/www.ringen-mv.de\/index.php?rest_route=%2Fwp%2Fv2%2Fmedia&parent=5138"}],"wp:term":[{"taxonomy":"category","embeddable":true,"href":"https:\/\/www.ringen-mv.de\/index.php?rest_route=%2Fwp%2Fv2%2Fcategories&post=5138"},{"taxonomy":"post_tag","embeddable":true,"href":"https:\/\/www.ringen-mv.de\/index.php?rest_route=%2Fwp%2Fv2%2Ftags&post=5138"}],"curies":[{"name":"wp","href":"https:\/\/api.w.org\/{rel}","templated":true}]}}