{"id":5216,"date":"2019-04-15T14:31:36","date_gmt":"2019-04-15T12:31:36","guid":{"rendered":"http:\/\/www.sav-torgelow-ringen.de\/RV%20MV2\/wordpress_341-de\/wordpress\/?p=5216"},"modified":"2019-04-15T14:32:43","modified_gmt":"2019-04-15T12:32:43","slug":"warnemuender-traditionsturnier-im-ringen-2019","status":"publish","type":"post","link":"https:\/\/www.ringen-mv.de\/?p=5216","title":{"rendered":"Warnem\u00fcnder Traditionsturnier im Ringen 2019"},"content":{"rendered":"<div id=\"attachment_5217\" style=\"width: 310px\" class=\"wp-caption alignleft\"><a href=\"http:\/\/www.ringen-mv.de\/wp-content\/uploads\/2019\/04\/20190413-Andre-Ginc-Phillip-Riese-beide-FO-3769-1.jpg\"><img loading=\"lazy\" decoding=\"async\" aria-describedby=\"caption-attachment-5217\" class=\"size-medium wp-image-5217\" src=\"http:\/\/www.ringen-mv.de\/wp-content\/uploads\/2019\/04\/20190413-Andre-Ginc-Phillip-Riese-beide-FO-3769-1-300x241.jpg\" alt=\"\" width=\"300\" height=\"241\" srcset=\"https:\/\/www.ringen-mv.de\/wp-content\/uploads\/2019\/04\/20190413-Andre-Ginc-Phillip-Riese-beide-FO-3769-1-300x241.jpg 300w, https:\/\/www.ringen-mv.de\/wp-content\/uploads\/2019\/04\/20190413-Andre-Ginc-Phillip-Riese-beide-FO-3769-1-768x616.jpg 768w, https:\/\/www.ringen-mv.de\/wp-content\/uploads\/2019\/04\/20190413-Andre-Ginc-Phillip-Riese-beide-FO-3769-1.jpg 800w\" sizes=\"auto, (max-width: 300px) 100vw, 300px\" \/><\/a><p id=\"caption-attachment-5217\" class=\"wp-caption-text\">Andrej Ginc (rot) gegen Phillip Riese<\/p><\/div>\n<p>Das Traditionsturnier der Warnem\u00fcnder Ringer kam in diesem Jahr am 13. April in der Warnem\u00fcnder Sporthalle im Sportkomplex in der Parkstra\u00dfe zur Austragung. Es handelte sich hierbei um die 48. Auflage. \u2013 Von den 153 gemeldeten Teilnehmern gingen letztendlich 123 Athleten an den Start.<!--more--><br \/>\nEs wird leider auf Grund des sehr \u201eengen Wettkampfkalenders\u201c und der Ferien in den einzelnen Bundesl\u00e4ndern immer schwerer wirklich gro\u00dfe Teilnehmerfelder auf die Matte zu bringen.<br \/>\nAls absolut positiv ist die Teilnahme von 76 M\u00e4nnern zu werten, ist das doch der Ursprung (ein reines M\u00e4nnerturnier) dieser renommierten Veranstaltung.<br \/>\nDiese kamen aus 23 Vereinen u.a. aus Schweden, Polen und nat\u00fcrlich Deutschland.<br \/>\nWie schon im Vorjahr, so auch dieses Mal war das Niveau der ausgetragenen K\u00e4mpfe ( insgesamt 186 ) ausgesprochen hoch. Das hing auch damit zusammen, dass unsere G\u00e4ste aus Schweden im Griechisch \u2013 R\u00f6mischen Stil sehr gute Athleten an den Start brachten und aus Deutschland einige Hochkar\u00e4ter an den Start gingen. &#8211; stellvertretend sollen hier genannt werden:<br \/>\nAndrej Ginc \/ amtierender Junioren \u2013 Europameister<br \/>\nKaran Mosebach \/ amtierender Deutscher Vizemeister<br \/>\nAlexander Biederst\u00e4dt \/ amtierender Deutscher Juniorenmeister<br \/>\nDas soll die Leistung der Freistiler auf keinen Fall schm\u00e4hlern, wo vor allem die Starter aus Hamburg tonangebend waren.<br \/>\nBei den Jungen \u00fcberzeugten vor allem die Sportfreunde aus Polen und Hamburg.<br \/>\nLeider konnten die Warnem\u00fcnder Aktiven nicht in die K\u00e4mpfe um die Medaillenr\u00e4nge eingreifen.<br \/>\nUmso erfreulicher das Abschneiden der Aktiven vom PSV Rostock, die mit Moritz Langer, Fabian Wiesemann und Antony Nitzschner in starken Feldern Podestpl\u00e4tze belegten.<br \/>\nDer Sieg nebst Pokal und Pr\u00e4mie f\u00fcr die beste Nachwuchsmannschaft ging an die komplett angetretene Polnische Nachwuchsauswahl der Kadetten. Erfreulich der III. Platz f\u00fcr den Nachwuchs des PSV Rostock.<br \/>\nAn dieser Stelle unser Dank an die Herren J\u00fcrgen Breuer und Daniel Schulz von der Rostocker Dach-Bau GmbH, die u.a. f\u00fcr die ausgeschriebenen Pr\u00e4mien verantwortlich zeichneten.<br \/>\nNicht unerw\u00e4hnt bleiben soll die Unterst\u00fctzung im Versorgungsbereich der Veranstaltung durch die Fa. ROGATEC \/ Hr. Ralf Barg und die Fa. Anheuser \u2013 Busch nBev \/ Hr. Sven Belikov.<\/p>\n<p>F\u00fcr das Turnier gab es von allen Angereisten ein dickes Lob f\u00fcr den reibungslosen Ablauf und die ausgesprochen guten Rahmenbedingungen.<br \/>\nAus diesem Grund unser Dank an alle beteiligten Helfer!<\/p>\n<p><a href=\"https:\/\/www.liga-db.de\/Turniere\/VT\/2019\/DE\/190413_Rostock-Warnemuende\/indexGER.htm\">==&gt; alle Ergebnisse hier &lt;==<\/a><\/p>\n","protected":false},"excerpt":{"rendered":"<p>Das Traditionsturnier der Warnem\u00fcnder Ringer kam in diesem Jahr am 13. April in der Warnem\u00fcnder Sporthalle im Sportkomplex in der Parkstra\u00dfe zur Austragung. Es handelte sich hierbei um die 48. Auflage. \u2013 Von den 153 gemeldeten Teilnehmern gingen letztendlich 123 Athleten an den Start.<\/p>\n","protected":false},"author":2,"featured_media":0,"comment_status":"open","ping_status":"open","sticky":false,"template":"","format":"standard","meta":{"footnotes":""},"categories":[17],"tags":[],"class_list":["post-5216","post","type-post","status-publish","format-standard","hentry","category-warnemunde"],"_links":{"self":[{"href":"https:\/\/www.ringen-mv.de\/index.php?rest_route=\/wp\/v2\/posts\/5216","targetHints":{"allow":["GET"]}}],"collection":[{"href":"https:\/\/www.ringen-mv.de\/index.php?rest_route=\/wp\/v2\/posts"}],"about":[{"href":"https:\/\/www.ringen-mv.de\/index.php?rest_route=\/wp\/v2\/types\/post"}],"author":[{"embeddable":true,"href":"https:\/\/www.ringen-mv.de\/index.php?rest_route=\/wp\/v2\/users\/2"}],"replies":[{"embeddable":true,"href":"https:\/\/www.ringen-mv.de\/index.php?rest_route=%2Fwp%2Fv2%2Fcomments&post=5216"}],"version-history":[{"count":4,"href":"https:\/\/www.ringen-mv.de\/index.php?rest_route=\/wp\/v2\/posts\/5216\/revisions"}],"predecessor-version":[{"id":5221,"href":"https:\/\/www.ringen-mv.de\/index.php?rest_route=\/wp\/v2\/posts\/5216\/revisions\/5221"}],"wp:attachment":[{"href":"https:\/\/www.ringen-mv.de\/index.php?rest_route=%2Fwp%2Fv2%2Fmedia&parent=5216"}],"wp:term":[{"taxonomy":"category","embeddable":true,"href":"https:\/\/www.ringen-mv.de\/index.php?rest_route=%2Fwp%2Fv2%2Fcategories&post=5216"},{"taxonomy":"post_tag","embeddable":true,"href":"https:\/\/www.ringen-mv.de\/index.php?rest_route=%2Fwp%2Fv2%2Ftags&post=5216"}],"curies":[{"name":"wp","href":"https:\/\/api.w.org\/{rel}","templated":true}]}}