{"id":5260,"date":"2019-05-07T09:58:57","date_gmt":"2019-05-07T07:58:57","guid":{"rendered":"http:\/\/www.sav-torgelow-ringen.de\/RV%20MV2\/wordpress_341-de\/wordpress\/?p=5260"},"modified":"2019-05-07T09:58:57","modified_gmt":"2019-05-07T07:58:57","slug":"ringerverband-erhaelt-finanzielle-unterstuetzung","status":"publish","type":"post","link":"https:\/\/www.ringen-mv.de\/?p=5260","title":{"rendered":"Ringerverband erh\u00e4lt finanzielle Unterst\u00fctzung"},"content":{"rendered":"<p><a href=\"http:\/\/www.ringen-mv.de\/wp-content\/uploads\/2019\/05\/IMG-20190503-WA0002.jpg\"><img loading=\"lazy\" decoding=\"async\" class=\"alignleft size-medium wp-image-5261\" src=\"http:\/\/www.ringen-mv.de\/wp-content\/uploads\/2019\/05\/IMG-20190503-WA0002-300x194.jpg\" alt=\"\" width=\"300\" height=\"194\" srcset=\"https:\/\/www.ringen-mv.de\/wp-content\/uploads\/2019\/05\/IMG-20190503-WA0002-300x194.jpg 300w, https:\/\/www.ringen-mv.de\/wp-content\/uploads\/2019\/05\/IMG-20190503-WA0002-768x495.jpg 768w, https:\/\/www.ringen-mv.de\/wp-content\/uploads\/2019\/05\/IMG-20190503-WA0002-1024x660.jpg 1024w, https:\/\/www.ringen-mv.de\/wp-content\/uploads\/2019\/05\/IMG-20190503-WA0002.jpg 1600w\" sizes=\"auto, (max-width: 300px) 100vw, 300px\" \/><\/a>Gro\u00dfe Freude beim Ringerverband Mecklenburg-Vorpommern!<br \/>\nEndlich gibt es eine finanzielle Unterst\u00fctzung um die Sportler und Funktion\u00e4re einheitlich mit einer Sportbekleidung auszustatten.<br \/>\nSeit vielen Jahren schon waren die Verantwortlichen im Verband sehr unzufrieden bei nationalen Events\u00a0 ihr Bundesland nicht geschlossen als Landesvertretung pr\u00e4sentieren zu k\u00f6nnen.<br \/>\nDieses Problem nahm sich der Parlamentarische Staatssekret\u00e4r f\u00fcr Vorpommern Herr Dahlemann an. Dieser konnte dem Verbandspr\u00e4sident Uwe Bremer, hier zusammen mit Nachwuchsringer Elias Heydrich, nun die frohe Botschaft \u00fcberbringen.<br \/>\nDem Ringerverband Mecklenburg-Vorpommern wird aus dem Strategie-Fonds der SPD Landtagsfraktion 5000 \u20ac f\u00fcr die Verbandseinkleidung zu Verf\u00fcgung gestellt.<br \/>\nIm Namen aller Mitglieder m\u00f6chte sich der Verband f\u00fcr diese Unterst\u00fctzung bedanken.<\/p>\n<p>Uwe Bremer<\/p>\n","protected":false},"excerpt":{"rendered":"<p>Gro\u00dfe Freude beim Ringerverband Mecklenburg-Vorpommern! Endlich gibt es eine finanzielle Unterst\u00fctzung um die Sportler und Funktion\u00e4re einheitlich mit einer Sportbekleidung auszustatten. Seit vielen Jahren schon waren die Verantwortlichen im Verband sehr unzufrieden bei nationalen Events\u00a0 ihr Bundesland nicht geschlossen als Landesvertretung pr\u00e4sentieren zu k\u00f6nnen. Dieses Problem nahm sich<\/p>\n","protected":false},"author":2,"featured_media":0,"comment_status":"open","ping_status":"open","sticky":false,"template":"","format":"standard","meta":{"footnotes":""},"categories":[1],"tags":[],"class_list":["post-5260","post","type-post","status-publish","format-standard","hentry","category-allgemein"],"_links":{"self":[{"href":"https:\/\/www.ringen-mv.de\/index.php?rest_route=\/wp\/v2\/posts\/5260","targetHints":{"allow":["GET"]}}],"collection":[{"href":"https:\/\/www.ringen-mv.de\/index.php?rest_route=\/wp\/v2\/posts"}],"about":[{"href":"https:\/\/www.ringen-mv.de\/index.php?rest_route=\/wp\/v2\/types\/post"}],"author":[{"embeddable":true,"href":"https:\/\/www.ringen-mv.de\/index.php?rest_route=\/wp\/v2\/users\/2"}],"replies":[{"embeddable":true,"href":"https:\/\/www.ringen-mv.de\/index.php?rest_route=%2Fwp%2Fv2%2Fcomments&post=5260"}],"version-history":[{"count":1,"href":"https:\/\/www.ringen-mv.de\/index.php?rest_route=\/wp\/v2\/posts\/5260\/revisions"}],"predecessor-version":[{"id":5262,"href":"https:\/\/www.ringen-mv.de\/index.php?rest_route=\/wp\/v2\/posts\/5260\/revisions\/5262"}],"wp:attachment":[{"href":"https:\/\/www.ringen-mv.de\/index.php?rest_route=%2Fwp%2Fv2%2Fmedia&parent=5260"}],"wp:term":[{"taxonomy":"category","embeddable":true,"href":"https:\/\/www.ringen-mv.de\/index.php?rest_route=%2Fwp%2Fv2%2Fcategories&post=5260"},{"taxonomy":"post_tag","embeddable":true,"href":"https:\/\/www.ringen-mv.de\/index.php?rest_route=%2Fwp%2Fv2%2Ftags&post=5260"}],"curies":[{"name":"wp","href":"https:\/\/api.w.org\/{rel}","templated":true}]}}