{"id":5275,"date":"2019-06-17T13:44:45","date_gmt":"2019-06-17T11:44:45","guid":{"rendered":"http:\/\/www.sav-torgelow-ringen.de\/RV%20MV2\/wordpress_341-de\/wordpress\/?p=5275"},"modified":"2019-06-17T13:44:45","modified_gmt":"2019-06-17T11:44:45","slug":"silber-und-bronze-bei-internationalen-pfingstcup","status":"publish","type":"post","link":"https:\/\/www.ringen-mv.de\/?p=5275","title":{"rendered":"Silber und Bronze bei Internationalen Pfingstcup"},"content":{"rendered":"<p><a href=\"http:\/\/www.ringen-mv.de\/wp-content\/uploads\/2019\/06\/2019_06_08-34-int-Pfingstcup.jpg\"><img loading=\"lazy\" decoding=\"async\" class=\"alignleft size-medium wp-image-5276\" src=\"http:\/\/www.ringen-mv.de\/wp-content\/uploads\/2019\/06\/2019_06_08-34-int-Pfingstcup-300x200.jpg\" alt=\"\" width=\"300\" height=\"200\" srcset=\"https:\/\/www.ringen-mv.de\/wp-content\/uploads\/2019\/06\/2019_06_08-34-int-Pfingstcup-300x200.jpg 300w, https:\/\/www.ringen-mv.de\/wp-content\/uploads\/2019\/06\/2019_06_08-34-int-Pfingstcup.jpg 640w\" sizes=\"auto, (max-width: 300px) 100vw, 300px\" \/><\/a>Vom 08.-09.06. richtete der VfL Tegel in der Hauptstadt zum 34-mal den Internationalen Pfingstcup\u00a0 aus. Der Einladung des VfL Tegel folgten 291 Sportler aus 44 Vereinen und 3 Nationen. Die Demminer Ringer waren mit insgesamt 13 Sportlern vertreten. Bei den Jungs gingen Max Flatau (Platz 3), Maurice Liedtke(Platz 4), Armin R\u00fcter(Platz 5), Ron Mika Giese(Platz 5), Rocco Haase(Platz 6) und unser Nachwuchs Roberto Rohn (Platz 10), Leon-Andr\u00e9 (Platz 2)und Luca Berner(Platz 3) an den Start. Die Demminer Ringerm\u00e4dels wurden durch Maria Betker(Platz 3), Sarah Kellermann(Platz 4), Vanessa Hoth(Platz 2) und Amy Seliger(Platz 3) vertreten.<!--more--><\/p>\n<p><a name=\"_GoBack\"><\/a>Am Samstag dem ersten Turniertag mussten zun\u00e4chst unsere Jungs zeigen was sie k\u00f6nnen. Bereits im 4ten Kampf des Tages stand ein Demminer auf der Matte. Roberto der zu unserem Nachwuchs geh\u00f6rt musste als erstes zeigen was er kann. Er ging immer nach vorn und versuchte eigene Angriffe. Die Erfahrenheit seines Gegners f\u00fchrte jedoch dazu, dass er die Angriffe von Roberto abwehren oder kontern konnte. Roberto hat alles gegeben was er konnte, er hat einen guten Kampf gezeigt, verlor aber am Ende nach Punkten. Der zweite und letzte Kampf war f\u00fcr Roberto von Beginn an nicht zu gewinnen. Sein Gegner war bis zum Ende technisch \u00fcberlegen. F\u00fcr Luca und Leon sah es \u00e4hnlich aus, auch diese beiden geh\u00f6ren zu unserem Ringernachwuchs. Wie auch Roberto hatten sie gegen ihre Gegner noch wenige Chancen, beide mussten sich technisch unterlegen und auf Schulter geschlagen geben. Doch das Pech der anderen wurde zum Gl\u00fcck unserer beiden Jungs. Ein Sportler musste aus dem Turnier ausscheiden und so rutschten unsere beiden jeweils einen Platz nach oben.<!--more--><\/p>\n<p>F\u00fcr Armin und Ron sollte es ebenfalls ein schweres Turnier werden. Beide ringen in einer neuen Altersklasse und sind erneut die j\u00fcngsten Starter in dieser Altersklasse. Armin hatte es besonders schwer, er musste sich in allen K\u00e4mpfen geschlagen geben. Armin zeigte gute Ans\u00e4tze, aber er schaffte es noch nicht, den Druck durchgehend aufrecht zu erhalten. F\u00fcr Ron sah es in den ersten beiden K\u00e4mpfen \u00e4hnlich aus. Er versuchte immer wieder eigene Angriffe, doch seine Gegner waren oft zu schnell. In seinen letzten beiden K\u00e4mpfen wollte er es dann besser machen. Ron f\u00fchrte seine Angriffe schneller und pr\u00e4ziser aus und wurde belohnt. Er konnte die letzten beiden K\u00e4mpfe f\u00fcr sich entscheiden.<\/p>\n<p>Rocco als einziger Starter in der C-Jugend begann mit einem souver\u00e4nen Schultersieg. Er baute sich ein Punktepolster auf und brachte den Versuch seinen Gegner zu Schultern zum Erfolg. Das gelingt ihm auch in seinem Folgekampf. Doch die n\u00e4chsten K\u00e4mpfe sollten zeigen, dass Rocco kr\u00e4ftem\u00e4\u00dfig unterlegen war.<\/p>\n<p>F\u00fcr Max und Maurice war es das erste Turnier seit langer Pause. Maurice hat sich dazu entschlossen nach 2 Jahren Pause wieder mit dem Ringen zu beginnen. Max legte hingegen eine Turnierpause ein. Beide Sportler sollten in erster Linie wieder ein Gef\u00fchl f\u00fcr Turniere bekomme. Sie sollten sich ausprobieren und neue Erfahrungen sammeln. Auch wenn sie ihre K\u00e4mpfe nicht gewinnen konnten, so haben sie doch erkannt, woran sie noch arbeiten und feilen m\u00fcssen.<\/p>\n<p>Sonntag, Tag zwei des 34. Internationalen Pfingstcup des VfL Tegel. Nun mussten die Demminer M\u00e4dels zeigen was sie k\u00f6nnen. Als j\u00fcngste ging Amy an den Start. Auch wenn Amy zum j\u00fcngsten Jahrgang geh\u00f6rt hat sie doch ziemlich schnell gezeigt, dass sie eine ernst zu nehmende Gegnerin ist. In zwei von drei K\u00e4mpfen hat Amy klar dominiert, sie hat ihre Gegner zu Boden gebracht und konsequent geschultert. Doch ihr zweiter Kampf sollte f\u00fcr Amy eine kleine Trag\u00f6die werden. Amy findet schnell in den Kampf und beginnt Punkte zu holen, doch ihre Gegnerin machte es ihr nicht einfach. Immer wieder kam es zum Punktausgleich. Es stand bereits 10:10 als Amy einen tragischen Fehler begeht. Ihre Gegnerin will Amy mit einem Kopfh\u00fcftschwung zu Boden bringen. Amy reagiert blitzartig und will mit einem Konter reagieren. Doch Amy verliert die Orientierung und dreht sich im Boden zur falschen Seite und legte sich selbst auf den R\u00fccken. Ihre Gegnerin brauchte nur noch festhalten und der Kampf war f\u00fcr Amy verloren.<\/p>\n<p>Vanessa sollte an diesem Tag nur einen Kampf haben und ausgerechnet gegen eine Schwedin. Sportler und Trainer mussten schnell feststellen, dass Vanessa chancenlos war. Sie hat von Beginn an mitgerungen und gut gegengehalten, doch gegen die blitzschnellen Angriffe der Schwedin hatte Vanessa nichts entgegen zu bringen.<\/p>\n<p>Sarah und Maria geh\u00f6ren mit zu den \u00e4ltesten aktiven Sportler der Demminer Ringer. Maria musste sich ausschlie\u00dflichen den Sportlerinnen aus Polen stellen. Maria machte im ersten Kampf gut Druck und brachte schnelle Angriffe an die Beine durch. Sie holte Punkt f\u00fcr Punkt und ging in F\u00fchrung. Doch in Runde zwei war pl\u00f6tzlich die Luft raus. Ihre Gegnerin nutzte die Gelegenheit und k\u00e4mpfte sich ran. Maria musste sich am Ende 19:12 geschlagen geben. Sarah konnte ihren ersten Kampf f\u00fcr sich entscheiden. Sie hat gut gerungen und ihre Techniken sauber bis zum Ende durchgef\u00fchrt. Im folgenden Kampf stand Sarah ebenfalls einer Schwedin gegen\u00fcber, auch hier war schnell klar das Sarah keine Chance hat.<\/p>\n<p>Unsere Jungs &amp; M\u00e4dels haben gezeigt, dass sie alle von Turnier zu Turnier und von Training zu Training besser werden. Die Leistungen des Einzelnen spiegeln sich auch in den Vereinswertungen wieder. Die Jungs holten am Samstag Platz 12. Die M\u00e4dels schafften am Sonntag den Sprung auf Platz 11. In der Gesamtwertung positionierte sich unser Demminer Ringerverein auf Platz 10.<\/p>\n<p><a href=\"https:\/\/www.liga-db.de\/Turniere\/VT\/2019\/DE\/190608_Berlin\/indexGER.htm\">==&gt; alle Ergebnisse hier &lt;==<\/a><\/p>\n","protected":false},"excerpt":{"rendered":"<p>Vom 08.-09.06. richtete der VfL Tegel in der Hauptstadt zum 34-mal den Internationalen Pfingstcup\u00a0 aus. Der Einladung des VfL Tegel folgten 291 Sportler aus 44 Vereinen und 3 Nationen. Die Demminer Ringer waren mit insgesamt 13 Sportlern vertreten. Bei den Jungs gingen Max Flatau (Platz 3), Maurice Liedtke(Platz<\/p>\n","protected":false},"author":2,"featured_media":0,"comment_status":"open","ping_status":"open","sticky":false,"template":"","format":"standard","meta":{"footnotes":""},"categories":[11],"tags":[],"class_list":["post-5275","post","type-post","status-publish","format-standard","hentry","category-demmin"],"_links":{"self":[{"href":"https:\/\/www.ringen-mv.de\/index.php?rest_route=\/wp\/v2\/posts\/5275","targetHints":{"allow":["GET"]}}],"collection":[{"href":"https:\/\/www.ringen-mv.de\/index.php?rest_route=\/wp\/v2\/posts"}],"about":[{"href":"https:\/\/www.ringen-mv.de\/index.php?rest_route=\/wp\/v2\/types\/post"}],"author":[{"embeddable":true,"href":"https:\/\/www.ringen-mv.de\/index.php?rest_route=\/wp\/v2\/users\/2"}],"replies":[{"embeddable":true,"href":"https:\/\/www.ringen-mv.de\/index.php?rest_route=%2Fwp%2Fv2%2Fcomments&post=5275"}],"version-history":[{"count":2,"href":"https:\/\/www.ringen-mv.de\/index.php?rest_route=\/wp\/v2\/posts\/5275\/revisions"}],"predecessor-version":[{"id":5278,"href":"https:\/\/www.ringen-mv.de\/index.php?rest_route=\/wp\/v2\/posts\/5275\/revisions\/5278"}],"wp:attachment":[{"href":"https:\/\/www.ringen-mv.de\/index.php?rest_route=%2Fwp%2Fv2%2Fmedia&parent=5275"}],"wp:term":[{"taxonomy":"category","embeddable":true,"href":"https:\/\/www.ringen-mv.de\/index.php?rest_route=%2Fwp%2Fv2%2Fcategories&post=5275"},{"taxonomy":"post_tag","embeddable":true,"href":"https:\/\/www.ringen-mv.de\/index.php?rest_route=%2Fwp%2Fv2%2Ftags&post=5275"}],"curies":[{"name":"wp","href":"https:\/\/api.w.org\/{rel}","templated":true}]}}