{"id":5363,"date":"2019-12-10T08:44:16","date_gmt":"2019-12-10T07:44:16","guid":{"rendered":"http:\/\/www.sav-torgelow-ringen.de\/RV%20MV2\/wordpress_341-de\/wordpress\/?p=5363"},"modified":"2019-12-10T08:52:33","modified_gmt":"2019-12-10T07:52:33","slug":"13-skoda-cup-mit-neuen-altersklassen","status":"publish","type":"post","link":"https:\/\/www.ringen-mv.de\/?p=5363","title":{"rendered":"13. Skoda Cup mit neuen Altersklassen"},"content":{"rendered":"<p><a href=\"http:\/\/www.ringen-mv.de\/wp-content\/uploads\/2019\/12\/Skoda-Cup-in-Demmin.jpg\"><img loading=\"lazy\" decoding=\"async\" class=\"alignleft size-medium wp-image-5364\" src=\"http:\/\/www.ringen-mv.de\/wp-content\/uploads\/2019\/12\/Skoda-Cup-in-Demmin-300x220.jpg\" alt=\"\" width=\"300\" height=\"220\" srcset=\"https:\/\/www.ringen-mv.de\/wp-content\/uploads\/2019\/12\/Skoda-Cup-in-Demmin-300x220.jpg 300w, https:\/\/www.ringen-mv.de\/wp-content\/uploads\/2019\/12\/Skoda-Cup-in-Demmin.jpg 448w\" sizes=\"auto, (max-width: 300px) 100vw, 300px\" \/><\/a>Am 7. Dezember lud der Demminer Ringerverein bereits zum 13-mal zum Skoda Cup nach Demmin ein. Doch in diesem Jahr \u00fcberraschten die Demminer mit neuen Altersklassen. Von nun an sollen auf dem Skoda Cup die \u00e4lteren und erfahrenen Ringer und Ringerinnen auf der Matte zusammen kommen. Dazu schrieben die Demminer die Altersklassen Frauen &amp; Juniorinnen, weibliche A + B Jugend, m\u00e4nnliche A Jugend und m\u00e4nnliche B Jugend aus. Der Einladung folgten in diesem Jahr 54 Sportler und Sportlerinnen aus 13 Vereinen. <!--more-->Wie zuvor schon vermutet blieb das Teilnehmerfeld noch recht \u00fcberschaubar doch die Demminer schafften es in Zusammenarbeit mit dem Wettkampfb\u00fcro ein ordentliches Turnier auf die Beine zu stellen.<br \/>\nAlle Sportler und Sportlerinnen zeigten in 63 K\u00e4mpfen, was sie k\u00f6nnen. Wir bekamen aufregende und spannende K\u00e4mpfe zu sehen. Bei den Demminern kam kurz ein Schrecken auf, als Moritz Wiese in seinem ersten Kampf pl\u00f6tzlich auf der Matte liegen blieb und sich die H\u00fcfte hielt. Sanit\u00e4ter und Trainer entschieden den Kampf abzubrechen und sich die Sache genauer anzusehen. Doch Moritz konnte das Turnier weiter ringen.<br \/>\n\u00dcber den gesamten Turniertag herrschte eine angenehme Kampfatmosph\u00e4re. Sportler, Eltern und Freunde feuerten Ihre Athleten an und Unterst\u00fctzten Sie in jeder Situation vom Mattenrand aus.<br \/>\nIn der Vereinswertung konnten sich die Demminer den Sieg erringen. Dicht gefolgt vom Greifswalder Ringerverein und dem RSV Hansa 90 Frankfurt\/Oder.<\/p>\n<p><a href=\"https:\/\/www.liga-db.de\/Turniere\/VT\/2019\/DE\/191207_17109Demmin\/indexGER.htm\">==&gt; alle Ergebnisse hier &lt;==<\/a><\/p>\n","protected":false},"excerpt":{"rendered":"<p>Am 7. Dezember lud der Demminer Ringerverein bereits zum 13-mal zum Skoda Cup nach Demmin ein. Doch in diesem Jahr \u00fcberraschten die Demminer mit neuen Altersklassen. Von nun an sollen auf dem Skoda Cup die \u00e4lteren und erfahrenen Ringer und Ringerinnen auf der Matte zusammen kommen. Dazu schrieben<\/p>\n","protected":false},"author":2,"featured_media":0,"comment_status":"open","ping_status":"open","sticky":false,"template":"","format":"standard","meta":{"footnotes":""},"categories":[11],"tags":[],"class_list":["post-5363","post","type-post","status-publish","format-standard","hentry","category-demmin"],"_links":{"self":[{"href":"https:\/\/www.ringen-mv.de\/index.php?rest_route=\/wp\/v2\/posts\/5363","targetHints":{"allow":["GET"]}}],"collection":[{"href":"https:\/\/www.ringen-mv.de\/index.php?rest_route=\/wp\/v2\/posts"}],"about":[{"href":"https:\/\/www.ringen-mv.de\/index.php?rest_route=\/wp\/v2\/types\/post"}],"author":[{"embeddable":true,"href":"https:\/\/www.ringen-mv.de\/index.php?rest_route=\/wp\/v2\/users\/2"}],"replies":[{"embeddable":true,"href":"https:\/\/www.ringen-mv.de\/index.php?rest_route=%2Fwp%2Fv2%2Fcomments&post=5363"}],"version-history":[{"count":3,"href":"https:\/\/www.ringen-mv.de\/index.php?rest_route=\/wp\/v2\/posts\/5363\/revisions"}],"predecessor-version":[{"id":5367,"href":"https:\/\/www.ringen-mv.de\/index.php?rest_route=\/wp\/v2\/posts\/5363\/revisions\/5367"}],"wp:attachment":[{"href":"https:\/\/www.ringen-mv.de\/index.php?rest_route=%2Fwp%2Fv2%2Fmedia&parent=5363"}],"wp:term":[{"taxonomy":"category","embeddable":true,"href":"https:\/\/www.ringen-mv.de\/index.php?rest_route=%2Fwp%2Fv2%2Fcategories&post=5363"},{"taxonomy":"post_tag","embeddable":true,"href":"https:\/\/www.ringen-mv.de\/index.php?rest_route=%2Fwp%2Fv2%2Ftags&post=5363"}],"curies":[{"name":"wp","href":"https:\/\/api.w.org\/{rel}","templated":true}]}}