{"id":5507,"date":"2020-04-09T00:02:47","date_gmt":"2020-04-08T22:02:47","guid":{"rendered":"http:\/\/www.sav-torgelow-ringen.de\/RV%20MV2\/wordpress_341-de\/wordpress\/?p=5507"},"modified":"2020-04-09T00:03:27","modified_gmt":"2020-04-08T22:03:27","slug":"ringerverband-m-v-gratuliert-eckhardt-wallmuth-zum-jubilaeum","status":"publish","type":"post","link":"https:\/\/www.ringen-mv.de\/?p=5507","title":{"rendered":"Ringerverband M-V gratuliert Eckhardt Wallmuth zum Jubil\u00e4um"},"content":{"rendered":"<p><a href=\"http:\/\/www.ringen-mv.de\/wp-content\/uploads\/2020\/04\/Eckhardt-Wallmuth.jpeg\"><img loading=\"lazy\" decoding=\"async\" class=\"alignleft size-medium wp-image-5508\" src=\"http:\/\/www.ringen-mv.de\/wp-content\/uploads\/2020\/04\/Eckhardt-Wallmuth-290x300.jpeg\" alt=\"\" width=\"290\" height=\"300\" srcset=\"https:\/\/www.ringen-mv.de\/wp-content\/uploads\/2020\/04\/Eckhardt-Wallmuth-290x300.jpeg 290w, https:\/\/www.ringen-mv.de\/wp-content\/uploads\/2020\/04\/Eckhardt-Wallmuth-991x1024.jpeg 991w, https:\/\/www.ringen-mv.de\/wp-content\/uploads\/2020\/04\/Eckhardt-Wallmuth-768x793.jpeg 768w, https:\/\/www.ringen-mv.de\/wp-content\/uploads\/2020\/04\/Eckhardt-Wallmuth.jpeg 1210w\" sizes=\"auto, (max-width: 290px) 100vw, 290px\" \/><\/a>Die Mitglieder und das Pr\u00e4sidium des RV M-V m\u00f6chten hiermit dem Vizepr\u00e4sidenten des<br \/>\nRingerverbandes Mecklenburg-Vorpommern zu seinem 60. Geburtstag recht herzlich gratulieren.<br \/>\nDer langj\u00e4hrige Trainer und Vereinsvorsitzende des Stralsunder Ringervereins ist schon seit<br \/>\nvielen Jahren an den tollen Erfolgen auf Vereins- und Verbandsebene ma\u00dfgeblich beteiligt.<br \/>\nSicherlich sollte sein runder Geburtstag etwas anders gefeiert werden, aber das kann an entsprechender Stelle dann ja noch nachgeholt werden.<br \/>\nF\u00fcr ihn und auch seiner Familie f\u00fcr die weitere Zukunft alles Gute!<\/p>\n<p>Uwe Bremer<\/p>\n","protected":false},"excerpt":{"rendered":"<p>Die Mitglieder und das Pr\u00e4sidium des RV M-V m\u00f6chten hiermit dem Vizepr\u00e4sidenten des Ringerverbandes Mecklenburg-Vorpommern zu seinem 60. Geburtstag recht herzlich gratulieren. Der langj\u00e4hrige Trainer und Vereinsvorsitzende des Stralsunder Ringervereins ist schon seit vielen Jahren an den tollen Erfolgen auf Vereins- und Verbandsebene ma\u00dfgeblich beteiligt. Sicherlich sollte sein<\/p>\n","protected":false},"author":2,"featured_media":0,"comment_status":"open","ping_status":"open","sticky":false,"template":"","format":"standard","meta":{"footnotes":""},"categories":[16],"tags":[],"class_list":["post-5507","post","type-post","status-publish","format-standard","hentry","category-stralsund"],"_links":{"self":[{"href":"https:\/\/www.ringen-mv.de\/index.php?rest_route=\/wp\/v2\/posts\/5507","targetHints":{"allow":["GET"]}}],"collection":[{"href":"https:\/\/www.ringen-mv.de\/index.php?rest_route=\/wp\/v2\/posts"}],"about":[{"href":"https:\/\/www.ringen-mv.de\/index.php?rest_route=\/wp\/v2\/types\/post"}],"author":[{"embeddable":true,"href":"https:\/\/www.ringen-mv.de\/index.php?rest_route=\/wp\/v2\/users\/2"}],"replies":[{"embeddable":true,"href":"https:\/\/www.ringen-mv.de\/index.php?rest_route=%2Fwp%2Fv2%2Fcomments&post=5507"}],"version-history":[{"count":2,"href":"https:\/\/www.ringen-mv.de\/index.php?rest_route=\/wp\/v2\/posts\/5507\/revisions"}],"predecessor-version":[{"id":5510,"href":"https:\/\/www.ringen-mv.de\/index.php?rest_route=\/wp\/v2\/posts\/5507\/revisions\/5510"}],"wp:attachment":[{"href":"https:\/\/www.ringen-mv.de\/index.php?rest_route=%2Fwp%2Fv2%2Fmedia&parent=5507"}],"wp:term":[{"taxonomy":"category","embeddable":true,"href":"https:\/\/www.ringen-mv.de\/index.php?rest_route=%2Fwp%2Fv2%2Fcategories&post=5507"},{"taxonomy":"post_tag","embeddable":true,"href":"https:\/\/www.ringen-mv.de\/index.php?rest_route=%2Fwp%2Fv2%2Ftags&post=5507"}],"curies":[{"name":"wp","href":"https:\/\/api.w.org\/{rel}","templated":true}]}}