{"id":5516,"date":"2020-05-19T13:32:19","date_gmt":"2020-05-19T11:32:19","guid":{"rendered":"http:\/\/www.sav-torgelow-ringen.de\/RV%20MV2\/wordpress_341-de\/wordpress\/?p=5516"},"modified":"2020-05-19T13:32:19","modified_gmt":"2020-05-19T11:32:19","slug":"ringer-mit-trainingstart-im-aussenbereich","status":"publish","type":"post","link":"https:\/\/www.ringen-mv.de\/?p=5516","title":{"rendered":"Ringer mit Trainingstart im Au\u00dfenbereich"},"content":{"rendered":"<p><a href=\"http:\/\/www.ringen-mv.de\/wp-content\/uploads\/2020\/05\/IMG_20200517_1523281589783304464k3.jpg\"><img loading=\"lazy\" decoding=\"async\" class=\"alignleft size-medium wp-image-5517\" src=\"http:\/\/www.ringen-mv.de\/wp-content\/uploads\/2020\/05\/IMG_20200517_1523281589783304464k3-225x300.jpg\" alt=\"\" width=\"225\" height=\"300\" srcset=\"https:\/\/www.ringen-mv.de\/wp-content\/uploads\/2020\/05\/IMG_20200517_1523281589783304464k3-225x300.jpg 225w, https:\/\/www.ringen-mv.de\/wp-content\/uploads\/2020\/05\/IMG_20200517_1523281589783304464k3.jpg 675w\" sizes=\"auto, (max-width: 225px) 100vw, 225px\" \/><\/a>Nach 2 Monaten Zwangspause konnten jetzt endlich auch wieder die Ringer des SAV Torgelow ihren Trainingsauftakt absolvieren. Der scharfe Start war zwar f\u00fcr Montag geplant aber zum Probetraining selbst am Sonntag fanden sich 6 Nachwuchsk\u00e4mpfer am Au\u00dfenbereich der Vereinsporthalle in Torgelow-Spechtberg ein. Ungewohnt sicherlich erstmal die festgelegten Ma\u00dfnahmen einzuhalten und dann dazu noch f\u00fcr Zweikampfsportler alles Kontaktlos wurden doch bei recht sch\u00f6nem Wetter die ersten verschiedenen \u00dcbungen durchgef\u00fchrt. Zudem konnten Ger\u00e4te genutzt werden die extra jetzt nach drau\u00dfen verlegt wurden. Eventuell geht es ja auch bald in der Halle weiter, die Ringer warten jetzt darauf welche Entscheidungen getroffen werden.<\/p>\n","protected":false},"excerpt":{"rendered":"<p>Nach 2 Monaten Zwangspause konnten jetzt endlich auch wieder die Ringer des SAV Torgelow ihren Trainingsauftakt absolvieren. Der scharfe Start war zwar f\u00fcr Montag geplant aber zum Probetraining selbst am Sonntag fanden sich 6 Nachwuchsk\u00e4mpfer am Au\u00dfenbereich der Vereinsporthalle in Torgelow-Spechtberg ein. Ungewohnt sicherlich erstmal die festgelegten Ma\u00dfnahmen<\/p>\n","protected":false},"author":2,"featured_media":0,"comment_status":"open","ping_status":"open","sticky":false,"template":"","format":"standard","meta":{"footnotes":""},"categories":[8],"tags":[],"class_list":["post-5516","post","type-post","status-publish","format-standard","hentry","category-torgelow"],"_links":{"self":[{"href":"https:\/\/www.ringen-mv.de\/index.php?rest_route=\/wp\/v2\/posts\/5516","targetHints":{"allow":["GET"]}}],"collection":[{"href":"https:\/\/www.ringen-mv.de\/index.php?rest_route=\/wp\/v2\/posts"}],"about":[{"href":"https:\/\/www.ringen-mv.de\/index.php?rest_route=\/wp\/v2\/types\/post"}],"author":[{"embeddable":true,"href":"https:\/\/www.ringen-mv.de\/index.php?rest_route=\/wp\/v2\/users\/2"}],"replies":[{"embeddable":true,"href":"https:\/\/www.ringen-mv.de\/index.php?rest_route=%2Fwp%2Fv2%2Fcomments&post=5516"}],"version-history":[{"count":1,"href":"https:\/\/www.ringen-mv.de\/index.php?rest_route=\/wp\/v2\/posts\/5516\/revisions"}],"predecessor-version":[{"id":5518,"href":"https:\/\/www.ringen-mv.de\/index.php?rest_route=\/wp\/v2\/posts\/5516\/revisions\/5518"}],"wp:attachment":[{"href":"https:\/\/www.ringen-mv.de\/index.php?rest_route=%2Fwp%2Fv2%2Fmedia&parent=5516"}],"wp:term":[{"taxonomy":"category","embeddable":true,"href":"https:\/\/www.ringen-mv.de\/index.php?rest_route=%2Fwp%2Fv2%2Fcategories&post=5516"},{"taxonomy":"post_tag","embeddable":true,"href":"https:\/\/www.ringen-mv.de\/index.php?rest_route=%2Fwp%2Fv2%2Ftags&post=5516"}],"curies":[{"name":"wp","href":"https:\/\/api.w.org\/{rel}","templated":true}]}}