{"id":5598,"date":"2020-10-05T10:10:08","date_gmt":"2020-10-05T08:10:08","guid":{"rendered":"http:\/\/www.sav-torgelow-ringen.de\/RV%20MV2\/wordpress_341-de\/wordpress\/?p=5598"},"modified":"2020-10-05T10:10:08","modified_gmt":"2020-10-05T08:10:08","slug":"ringerverband-wird-30-jahre-alt","status":"publish","type":"post","link":"https:\/\/www.ringen-mv.de\/?p=5598","title":{"rendered":"Ringerverband wird 30 Jahre alt"},"content":{"rendered":"<div id=\"attachment_2476\" style=\"width: 310px\" class=\"wp-caption alignleft\"><a href=\"http:\/\/www.ringen-mv.de\/wp-content\/uploads\/2014\/01\/vlnr.Eckhardt-Wallmuth-Vizepraesident-RV-M-V-Heinz-Weinhold-Rudolf-Vesper-Lothar-Metz-Uwe_Bremer-Praesident-RV-M-V.jpg\"><img loading=\"lazy\" decoding=\"async\" aria-describedby=\"caption-attachment-2476\" class=\"size-medium wp-image-2476\" src=\"http:\/\/www.ringen-mv.de\/wp-content\/uploads\/2014\/01\/vlnr.Eckhardt-Wallmuth-Vizepraesident-RV-M-V-Heinz-Weinhold-Rudolf-Vesper-Lothar-Metz-Uwe_Bremer-Praesident-RV-M-V-300x209.jpg\" alt=\"\" width=\"300\" height=\"209\" srcset=\"https:\/\/www.ringen-mv.de\/wp-content\/uploads\/2014\/01\/vlnr.Eckhardt-Wallmuth-Vizepraesident-RV-M-V-Heinz-Weinhold-Rudolf-Vesper-Lothar-Metz-Uwe_Bremer-Praesident-RV-M-V-300x209.jpg 300w, https:\/\/www.ringen-mv.de\/wp-content\/uploads\/2014\/01\/vlnr.Eckhardt-Wallmuth-Vizepraesident-RV-M-V-Heinz-Weinhold-Rudolf-Vesper-Lothar-Metz-Uwe_Bremer-Praesident-RV-M-V-500x349.jpg 500w, https:\/\/www.ringen-mv.de\/wp-content\/uploads\/2014\/01\/vlnr.Eckhardt-Wallmuth-Vizepraesident-RV-M-V-Heinz-Weinhold-Rudolf-Vesper-Lothar-Metz-Uwe_Bremer-Praesident-RV-M-V.jpg 640w\" sizes=\"auto, (max-width: 300px) 100vw, 300px\" \/><\/a><p id=\"caption-attachment-2476\" class=\"wp-caption-text\">v. l.: Eckhardt Wallmuth Vizepr\u00e4sident RV M-V Heinz Weinhold, Rudolf Vesper, Lothar Metz, Uwe Bremer Pr\u00e4sident RV M-V<\/p><\/div>\n<p>Wie viele andere Fachverb\u00e4nde in den neuen Bundesl\u00e4ndern begeht auch der Ringerverband Mecklenburg-Vorpommern im Jahre 2020 sein 30 j\u00e4hriges Jubil\u00e4um. Gro\u00dfe Feierlichkeiten dazu gibt es auf Grund der jetzigen Situation leider nicht, aber vergessen tut man diese Jahreszahl nat\u00fcrlich auch nicht. Gegr\u00fcndet wurde der RV M-V am 02. September 1990 im damaligen Trainings- und Wettkampfst\u00e4tte Haus des Sportes am alten Strom gelegen. Gr\u00fcndungsmitglieder damals waren unter anderem der jetzige Ehrenpr\u00e4sident Heinz Weinhold und der aktuelle Pr\u00e4sident Uwe Bremer. Weinhold war bis 2012 als Verbandsf\u00fchrender aktiv und seit dem leitet Bremer den kleinen Verband mit seinen ca. 650 Mitgliedern. Trotz der \u00fcberschaubaren Mitgliederanzahl sind die K\u00e4mpfer aus dem Nordosten seit diesen 30 Jahren national wie auch international auf den Ringermatten erfolgreich.<\/p>\n<p>Uwe Bremer<\/p>\n","protected":false},"excerpt":{"rendered":"<p>Wie viele andere Fachverb\u00e4nde in den neuen Bundesl\u00e4ndern begeht auch der Ringerverband Mecklenburg-Vorpommern im Jahre 2020 sein 30 j\u00e4hriges Jubil\u00e4um. Gro\u00dfe Feierlichkeiten dazu gibt es auf Grund der jetzigen Situation leider nicht, aber vergessen tut man diese Jahreszahl nat\u00fcrlich auch nicht. Gegr\u00fcndet wurde der RV M-V am 02.<\/p>\n","protected":false},"author":2,"featured_media":0,"comment_status":"open","ping_status":"open","sticky":false,"template":"","format":"standard","meta":{"footnotes":""},"categories":[1],"tags":[],"class_list":["post-5598","post","type-post","status-publish","format-standard","hentry","category-allgemein"],"_links":{"self":[{"href":"https:\/\/www.ringen-mv.de\/index.php?rest_route=\/wp\/v2\/posts\/5598","targetHints":{"allow":["GET"]}}],"collection":[{"href":"https:\/\/www.ringen-mv.de\/index.php?rest_route=\/wp\/v2\/posts"}],"about":[{"href":"https:\/\/www.ringen-mv.de\/index.php?rest_route=\/wp\/v2\/types\/post"}],"author":[{"embeddable":true,"href":"https:\/\/www.ringen-mv.de\/index.php?rest_route=\/wp\/v2\/users\/2"}],"replies":[{"embeddable":true,"href":"https:\/\/www.ringen-mv.de\/index.php?rest_route=%2Fwp%2Fv2%2Fcomments&post=5598"}],"version-history":[{"count":1,"href":"https:\/\/www.ringen-mv.de\/index.php?rest_route=\/wp\/v2\/posts\/5598\/revisions"}],"predecessor-version":[{"id":5599,"href":"https:\/\/www.ringen-mv.de\/index.php?rest_route=\/wp\/v2\/posts\/5598\/revisions\/5599"}],"wp:attachment":[{"href":"https:\/\/www.ringen-mv.de\/index.php?rest_route=%2Fwp%2Fv2%2Fmedia&parent=5598"}],"wp:term":[{"taxonomy":"category","embeddable":true,"href":"https:\/\/www.ringen-mv.de\/index.php?rest_route=%2Fwp%2Fv2%2Fcategories&post=5598"},{"taxonomy":"post_tag","embeddable":true,"href":"https:\/\/www.ringen-mv.de\/index.php?rest_route=%2Fwp%2Fv2%2Ftags&post=5598"}],"curies":[{"name":"wp","href":"https:\/\/api.w.org\/{rel}","templated":true}]}}