{"id":563,"date":"2012-10-18T20:32:22","date_gmt":"2012-10-18T18:32:22","guid":{"rendered":"http:\/\/www.sav-torgelow-ringen.de\/RV%20MV2\/wordpress_341-de\/wordpress\/?p=563"},"modified":"2012-10-22T11:59:01","modified_gmt":"2012-10-22T09:59:01","slug":"verband-will-levermann-nicht","status":"publish","type":"post","link":"https:\/\/www.ringen-mv.de\/?p=563","title":{"rendered":"Verband will Levermann nicht"},"content":{"rendered":"<p style=\"text-align: justify;\">\u00fcbernommen von der M\u00e4rkische Oderzeitung vom 16.10.2012<\/p>\n<p style=\"text-align: justify;\"><strong>Zoff mit Bundestrainer kostet Frankfurter Ringer-Coach den Job<\/strong><\/p>\n<p style=\"text-align: justify;\">Frankfurt (Oder) (MOZ) Eine Personalie sorgt derzeit f\u00fcr Unruhe am Olympiast\u00fctzpunkt in Frankfurt (Oder). Der Deutsche Ringer-Bund lehnt eine weitere Zusammenarbeit mit dem verantwortlichen Trainer des hiesigen Bundesst\u00fctzpunktes, J\u00f6rn Levermann, ab und st\u00fcrzt damit den OSP und den Landesverband in ein Dilemma.<\/p>\n<p style=\"text-align: justify;\"><!--more--><\/p>\n<p style=\"text-align: justify;\">Die Rede ist von einem \u201egravierenden Misstrauen\u201c, das bereits vor den Olympischen Spielen in London im Verh\u00e4ltnis zwischen J\u00f6rn Levermann auf der einen sowie den beiden verantwortlichen Bundestrainern Jannis Zamanduridis und Maik Bullmann auf der anderen Seite entstanden und zuletzt noch eskaliert sein soll. Das Pr\u00e4sidium des Ringerbundes hat daraufhin entschieden, dass es keinerlei Interesse an einer weiteren Zusammenarbeit mit dem 54-J\u00e4hrigen gibt.<\/p>\n<p style=\"text-align: justify;\">F\u00fcr Wilfried Lausch, als Leiter des OSP Brandenburg neben dem Ringerbund verantwortlicher Dienstherr von Levermann, eine \u00fcberraschende und so nicht nachzuvollziehende Vorgehensweise. \u201eZumal mir trotz Nachfrage bisher keine triftigen Gr\u00fcnde vom DRB genannt wurden. Ich kann nicht verstehen, wie man einen so erfahrenen Trainer einfach ausbootet.\u201c<\/p>\n<p style=\"text-align: justify;\">Etwas mehr Licht ins Dunkel bringt G\u00fcnter Kreckl. \u201eF\u00fcr Au\u00dfenstehende ist die Situation in der Tat nicht nachvollziehbar\u201c, sagt der Pr\u00e4sident des Landesverbandes. \u201eAber ,Johnny\u2018 Levermann und die beiden Bundestrainer k\u00f6nnen schlichtweg nicht miteinander. Das ist keine Frage von Schuld oder nicht \u2013 das ist einfach manchmal so im Leben.\u201c Alle Gespr\u00e4che mit dem DRB h\u00e4tten nichts gebracht. Der Verband blieb bei seiner Entscheidung.<\/p>\n<p style=\"text-align: justify;\">Kreckl gibt zu, dass er sich in letzter Zeit mehrfach Anfeindungen hat anh\u00f6ren m\u00fcssen, weil er sich zu schnell dem Ansinnen des DRB gebeugt und Levermann, dessen Vertrag als Bundesst\u00fctzpunkt-Trainer ohnehin am 31. M\u00e4rz ausgelaufen w\u00e4re, damit habe fallen gelassen. \u201eDem ist nicht so. Wir wollen auf die Erfahrung von Herrn Levermann nicht verzichten. Daher haben wir ihm eine Stelle als Landestrainer angeboten. Er w\u00e4re sonst ab April arbeitslos geworden.\u201c Nach Aussage von Kreckl hat der Coach, der derzeit krank ist, auch bereits zugesagt.<\/p>\n<p style=\"text-align: justify;\">Wer seine Nachfolge am Bundesst\u00fctzpunkt antreten wird, ist offen. Die Trainerstelle wird je zur H\u00e4lfte vom Land Brandenburg \u00fcber den OSP und vom Bund \u00fcber den DRB finanziert. Der Landesverband muss nach Aussage von Lausch bis zum\u202820. Oktober eine Konzeption vorlegen, erst danach werde \u00fcber die Mittelvergabe entschieden.<\/p>\n<p style=\"text-align: justify;\">Das Ringerzentrum in Frankfurt gilt als das am besten ausgestattete in Deutschland. Allerdings blieben die sportlichen Erfolge in der j\u00fcngsten Vergangenheit d\u00fcnn ges\u00e4t. Einzig der Junioren-EM-Titel des Eisenh\u00fcttenst\u00e4dter Levermann-Sch\u00fctzlings Christian John im Juni verbreitete ein wenig Glanz. F\u00fcr Olympia in London konnte sich kein Athlet qualifizieren. Und die letzte internationale Medaille bei den M\u00e4nnern liegt auch schon drei Jahre zur\u00fcck. 2009 gewann Schwergewichtler Nico Schmidt EM-Bronze.<\/p>\n<p style=\"text-align: justify;\">\n<p style=\"text-align: justify;\">J\u00fcrgen Leibner<\/p>\n","protected":false},"excerpt":{"rendered":"<p>\u00fcbernommen von der M\u00e4rkische Oderzeitung vom 16.10.2012 Zoff mit Bundestrainer kostet Frankfurter Ringer-Coach den Job Frankfurt (Oder) (MOZ) Eine Personalie sorgt derzeit f\u00fcr Unruhe am Olympiast\u00fctzpunkt in Frankfurt (Oder). Der Deutsche Ringer-Bund lehnt eine weitere Zusammenarbeit mit dem verantwortlichen Trainer des hiesigen Bundesst\u00fctzpunktes, J\u00f6rn Levermann, ab und st\u00fcrzt<\/p>\n","protected":false},"author":2,"featured_media":0,"comment_status":"open","ping_status":"open","sticky":false,"template":"","format":"standard","meta":{"footnotes":""},"categories":[1],"tags":[],"class_list":["post-563","post","type-post","status-publish","format-standard","hentry","category-allgemein"],"_links":{"self":[{"href":"https:\/\/www.ringen-mv.de\/index.php?rest_route=\/wp\/v2\/posts\/563","targetHints":{"allow":["GET"]}}],"collection":[{"href":"https:\/\/www.ringen-mv.de\/index.php?rest_route=\/wp\/v2\/posts"}],"about":[{"href":"https:\/\/www.ringen-mv.de\/index.php?rest_route=\/wp\/v2\/types\/post"}],"author":[{"embeddable":true,"href":"https:\/\/www.ringen-mv.de\/index.php?rest_route=\/wp\/v2\/users\/2"}],"replies":[{"embeddable":true,"href":"https:\/\/www.ringen-mv.de\/index.php?rest_route=%2Fwp%2Fv2%2Fcomments&post=563"}],"version-history":[{"count":6,"href":"https:\/\/www.ringen-mv.de\/index.php?rest_route=\/wp\/v2\/posts\/563\/revisions"}],"predecessor-version":[{"id":593,"href":"https:\/\/www.ringen-mv.de\/index.php?rest_route=\/wp\/v2\/posts\/563\/revisions\/593"}],"wp:attachment":[{"href":"https:\/\/www.ringen-mv.de\/index.php?rest_route=%2Fwp%2Fv2%2Fmedia&parent=563"}],"wp:term":[{"taxonomy":"category","embeddable":true,"href":"https:\/\/www.ringen-mv.de\/index.php?rest_route=%2Fwp%2Fv2%2Fcategories&post=563"},{"taxonomy":"post_tag","embeddable":true,"href":"https:\/\/www.ringen-mv.de\/index.php?rest_route=%2Fwp%2Fv2%2Ftags&post=563"}],"curies":[{"name":"wp","href":"https:\/\/api.w.org\/{rel}","templated":true}]}}