{"id":5665,"date":"2021-05-28T17:58:40","date_gmt":"2021-05-28T15:58:40","guid":{"rendered":"http:\/\/www.sav-torgelow-ringen.de\/RV%20MV2\/wordpress_341-de\/wordpress\/?p=5665"},"modified":"2021-06-03T10:28:28","modified_gmt":"2021-06-03T08:28:28","slug":"ringer-endlich-wieder-auf-wettkampfmatten","status":"publish","type":"post","link":"https:\/\/www.ringen-mv.de\/?p=5665","title":{"rendered":"Ringer endlich wieder auf Wettkampfmatten"},"content":{"rendered":"<p><strong>Geschlossene Mannschaftsleistung brachte Platz 2<\/strong><\/p>\n<p><a href=\"http:\/\/www.ringen-mv.de\/wp-content\/uploads\/2021\/05\/Mannschaftsbild-MV-WK-Heidelberg.jpg\"><img loading=\"lazy\" decoding=\"async\" class=\"alignleft size-medium wp-image-5666\" src=\"http:\/\/www.ringen-mv.de\/wp-content\/uploads\/2021\/05\/Mannschaftsbild-MV-WK-Heidelberg-300x300.jpg\" alt=\"\" width=\"300\" height=\"300\" srcset=\"https:\/\/www.ringen-mv.de\/wp-content\/uploads\/2021\/05\/Mannschaftsbild-MV-WK-Heidelberg-300x300.jpg 300w, https:\/\/www.ringen-mv.de\/wp-content\/uploads\/2021\/05\/Mannschaftsbild-MV-WK-Heidelberg-150x150.jpg 150w, https:\/\/www.ringen-mv.de\/wp-content\/uploads\/2021\/05\/Mannschaftsbild-MV-WK-Heidelberg-768x768.jpg 768w, https:\/\/www.ringen-mv.de\/wp-content\/uploads\/2021\/05\/Mannschaftsbild-MV-WK-Heidelberg-75x75.jpg 75w, https:\/\/www.ringen-mv.de\/wp-content\/uploads\/2021\/05\/Mannschaftsbild-MV-WK-Heidelberg.jpg 960w\" sizes=\"auto, (max-width: 300px) 100vw, 300px\" \/><\/a>Am vergangenen Wochenende konnten die Athleten und Athletinnen vom Ringerverband MV endlich wieder Wettkampfluft schnuppern. Im Baden-W\u00fcrttembergischen Heidelberg (850 km) hatten die Bundestrainer ein Kaderturnier f\u00fcr die Kadetten (Jahrg\u00e4nge 2004- 2006) organisiert. Hier waren dann auch teilweise die besten Ringer Deutschlands angereist, es ging auch nicht um weniger als um die Qualifikation zur Kadetten Europameisterschaft, da die deutschen Meisterschaften in der Altersklasse Corona bedingt erst im August stattfinden.<!--more--><\/p>\n<p>Sechs Athleten und eine Athletin entsandten dazu 4 Vereine aus MV. Albert Lawrenz (2006) Stralsund startete in der Gewichtsklasse \u2013 45 kg. Leider war er der einzige Teilnehmer und so zum Sieger mit einen Nationalmannschafts T- Shirt vom Bundestrainer geehrt. Zum Ende des Turniers konnte Albert noch einen Freundschaftskampf gegen David Barth (48 kg) aus Th\u00fcringen vom Bundesleistungsst\u00fctzpunkt Leipzig austragen. Diesen Kampf gewann er mit einer feinen technisch -taktischen Leistung mit 9: 0 nach technischer \u00dcberlegenheit gewinnen. Lenny Mantau -55 kg (2004) vom SV Warnem\u00fcnde beendete mit zwei Siegen und zwei Niederlagen das Turnier auf Platz 4. Karl Thoms (2005) -60kg SV Warnem\u00fcnde, bestritt leider nur einen Kampf, den er verlor und sich nicht platzierte. Matti Stolt (2005) -60 kg aus Stralsund zeigte auch in diesem Turnier seine gewachsene Leistungsst\u00e4rke. Er startete in der mit 18 Teilnehmer bestbesetzten Gewichtsklasse. Er gewann seinen Qualifikationskampf ebenso wie sein Viertel- und Halbfinalkampf. Anzumerken sei hier noch, das der Halbfinalkampfgegner sein Finalgegner bei den deutschen Meisterschaften 2019 war. Bekanntlich verlor Matti das Finale, bei diesem Kaderturnier gewann er nach technischer \u00dcberlegenheit auf Schultern. Im Finale traf Matti auf Eugen Schell (2004) aus Baden-W\u00fcrttemberg. Hier musste er sich geschlagen geben und verpasste so die Qualifikation zur EM. Justin Schimpf (2005) PSV Rostock gewann zwei K\u00e4mpfe und verlor einen, am Ende reichte es zu Platz 3. Max Marten L\u00fcttge (2004) SV Warnem\u00fcnde wurde am Ende sehr guter Zweiter mit drei gewonnen K\u00e4mpfen und einer Niederlage. Bei den M\u00e4dchen startete Lena Bohn (2006) vom Greifswalder RV, sie konnte schon in der deutschen Spitze mitringen, musste aber drei Niederlagen einstecken und platzierte sich nicht. Albert Lawrenz wurde nach telefonischer Absprache mit dem Bundestrainer Maik Bullmann dieses Jahr als J\u00fcngster von den drei Jahrg\u00e4ngen noch nicht f\u00fcr die Europameisterschaft ber\u00fccksichtigt, wird aber dieses Jahr noch zum Bundeskader NKII berufen. F\u00fcr n\u00e4chstes Jahr bzw. zur diesj\u00e4hrigen deutschen Meisterschaften sind die Ringer aus MV gut aufgestellt und optimistisch.<\/p>\n<p>Text &amp; Foto:<br \/>\nEckhardt Wallmuth<\/p>\n","protected":false},"excerpt":{"rendered":"<p>Geschlossene Mannschaftsleistung brachte Platz 2 Am vergangenen Wochenende konnten die Athleten und Athletinnen vom Ringerverband MV endlich wieder Wettkampfluft schnuppern. Im Baden-W\u00fcrttembergischen Heidelberg (850 km) hatten die Bundestrainer ein Kaderturnier f\u00fcr die Kadetten (Jahrg\u00e4nge 2004- 2006) organisiert. Hier waren dann auch teilweise die besten Ringer Deutschlands angereist, es<\/p>\n","protected":false},"author":2,"featured_media":0,"comment_status":"open","ping_status":"open","sticky":false,"template":"","format":"standard","meta":{"footnotes":""},"categories":[1],"tags":[],"class_list":["post-5665","post","type-post","status-publish","format-standard","hentry","category-allgemein"],"_links":{"self":[{"href":"https:\/\/www.ringen-mv.de\/index.php?rest_route=\/wp\/v2\/posts\/5665","targetHints":{"allow":["GET"]}}],"collection":[{"href":"https:\/\/www.ringen-mv.de\/index.php?rest_route=\/wp\/v2\/posts"}],"about":[{"href":"https:\/\/www.ringen-mv.de\/index.php?rest_route=\/wp\/v2\/types\/post"}],"author":[{"embeddable":true,"href":"https:\/\/www.ringen-mv.de\/index.php?rest_route=\/wp\/v2\/users\/2"}],"replies":[{"embeddable":true,"href":"https:\/\/www.ringen-mv.de\/index.php?rest_route=%2Fwp%2Fv2%2Fcomments&post=5665"}],"version-history":[{"count":3,"href":"https:\/\/www.ringen-mv.de\/index.php?rest_route=\/wp\/v2\/posts\/5665\/revisions"}],"predecessor-version":[{"id":5669,"href":"https:\/\/www.ringen-mv.de\/index.php?rest_route=\/wp\/v2\/posts\/5665\/revisions\/5669"}],"wp:attachment":[{"href":"https:\/\/www.ringen-mv.de\/index.php?rest_route=%2Fwp%2Fv2%2Fmedia&parent=5665"}],"wp:term":[{"taxonomy":"category","embeddable":true,"href":"https:\/\/www.ringen-mv.de\/index.php?rest_route=%2Fwp%2Fv2%2Fcategories&post=5665"},{"taxonomy":"post_tag","embeddable":true,"href":"https:\/\/www.ringen-mv.de\/index.php?rest_route=%2Fwp%2Fv2%2Ftags&post=5665"}],"curies":[{"name":"wp","href":"https:\/\/api.w.org\/{rel}","templated":true}]}}