{"id":5733,"date":"2021-09-06T11:51:34","date_gmt":"2021-09-06T09:51:34","guid":{"rendered":"http:\/\/www.sav-torgelow-ringen.de\/RV%20MV2\/wordpress_341-de\/wordpress\/?p=5733"},"modified":"2021-09-06T12:03:21","modified_gmt":"2021-09-06T10:03:21","slug":"torgelower-ringer-starten-erfolgreich-in-neuss","status":"publish","type":"post","link":"https:\/\/www.ringen-mv.de\/?p=5733","title":{"rendered":"Torgelower Ringer starten erfolgreich in Neuss"},"content":{"rendered":"<div id=\"attachment_5734\" style=\"width: 310px\" class=\"wp-caption alignleft\"><a href=\"http:\/\/www.ringen-mv.de\/wp-content\/uploads\/2021\/09\/v.l.n.r.-Nazar-Shrubkovskyi-Janick-Dittmann-Elias-Heydrich-und-Benny-Maa\u00df.jpg\"><img loading=\"lazy\" decoding=\"async\" aria-describedby=\"caption-attachment-5734\" class=\"size-medium wp-image-5734\" src=\"http:\/\/www.ringen-mv.de\/wp-content\/uploads\/2021\/09\/v.l.n.r.-Nazar-Shrubkovskyi-Janick-Dittmann-Elias-Heydrich-und-Benny-Maa\u00df-300x180.jpg\" alt=\"\" width=\"300\" height=\"180\" srcset=\"https:\/\/www.ringen-mv.de\/wp-content\/uploads\/2021\/09\/v.l.n.r.-Nazar-Shrubkovskyi-Janick-Dittmann-Elias-Heydrich-und-Benny-Maa\u00df-300x180.jpg 300w, https:\/\/www.ringen-mv.de\/wp-content\/uploads\/2021\/09\/v.l.n.r.-Nazar-Shrubkovskyi-Janick-Dittmann-Elias-Heydrich-und-Benny-Maa\u00df-768x461.jpg 768w, https:\/\/www.ringen-mv.de\/wp-content\/uploads\/2021\/09\/v.l.n.r.-Nazar-Shrubkovskyi-Janick-Dittmann-Elias-Heydrich-und-Benny-Maa\u00df.jpg 882w\" sizes=\"auto, (max-width: 300px) 100vw, 300px\" \/><\/a><p id=\"caption-attachment-5734\" class=\"wp-caption-text\">v.l.n.r. Nazar Shrubkovskyi, Janick Dittmann, Elias Heydrich und Benny Maa\u00df<\/p><\/div>\n<p>Elias Heydrich erk\u00e4mpft 2 Titel<\/p>\n<p>Lange mussten die Ringer des SAV Torgelow darauf warten sich endlich mal wieder mit anderen Athleten zu messen im fairen Kampf gegeneinander. Doch jetzt war es soweit, man hatte sich im Vorfeld darum gek\u00fcmmert als ausw\u00e4rtiger Verein an den Landesmeisterschaften von Nordrhein-Westfalen teilnehmen zu d\u00fcrfen und da die Teilnehmerzahlen dort auch \u00fcberschaubar waren gab es keine Einw\u00e4nde. <!--more-->Der KSK Konkordia Neuss war Ausrichter f\u00fcr die Titelk\u00e4mpfe in NRW f\u00fcr die B-Jugend, also f\u00fcr die Jungs zwischen 12-14 Jahren in beiden Stilarten. Mit 4 Sportlern reiste der SAV Torgelow zu den K\u00e4mpfen an den Rhein. Am Ende wurden \u00fcber 1500 km gefahren und \u00fcber 14 Stunden Fahrzeit wurden ben\u00f6tigt um An- und Abreise zu bew\u00e4ltigen. Das alles aber hatte sich gelohnt, man konnte mit 7 Medaillen davon 2 Landesmeistertiteln die Heimreise antreten. Im Vorfeld hatten sich alle 4 Starter dazu entschlossen in beiden Stilarten anzutreten um m\u00f6glichst viele K\u00e4mpfe zu bekommen. Eigentlich wird vorwiegend im griechisch-r\u00f6mischen Stil trainiert aber so versuchte man sich auch im freien Ringkampf. F\u00fcr die gr\u00f6\u00dfte \u00dcberraschung sorgte der 13j\u00e4hrige Eias Heydrich in der 68 kg Klasse. Er schaffte es tats\u00e4chlich in beiden Stilarten das Turnier als neuer Landesmeister von Nordrhein-Westfalen zu beenden und sich mit jeweils Gold zu belohnen. F\u00fcr die im Anfang Oktober stattfindenden Titelk\u00e4mpfe nat\u00fcrlich eine gute Probe. In derselben Gewichtsklasse konnte Benny Maa\u00df zudem Silber im Freistil und Bronze im griechisch-r\u00f6mischen Stil gewinnen. Beide Jungs hatten jeweils 5 K\u00e4mpfe zu absolvieren und Elias konnte alle als Sieger beenden. Leichtgewicht Janick Dittmann startete in der 41 kg-Klasse hatte 4 K\u00e4mpfe zu bestreiten und konnte mit jeweils 2 Bronzemedaillen die Heimreise antreten. In der 52 kg-Kategorie ging Nazar Shrubkovskyi auf die Matte, f\u00fcr ihn gab es am Ende die Silbermedaille bei den Grecos und Platz 6 bei den Freistilern. Freude dann auch bei der Vereinswertung, immerhin Platz 4 f\u00fcr den Gastverein aus dem Nordosten bei den Landesmeisterschaften im Westen bei 14 angetretenen Vereinen. Jetzt hei\u00dft es weiter flei\u00dfig trainieren den am 18. September find die Mitteldeutschen Meisterschaften f\u00fcr diesen Altersbereich in Jena statt und 14 Tage sp\u00e4ter sind dann schon die Deutschen Meisterschaften. Der Dank der Torgelower Ringer geht an die Volkssolidarit\u00e4t Uecker-Randow die dem Verein mit einem Kleinbus das notwendige Fahrzeug bereit stellte.<\/p>\n","protected":false},"excerpt":{"rendered":"<p>Elias Heydrich erk\u00e4mpft 2 Titel Lange mussten die Ringer des SAV Torgelow darauf warten sich endlich mal wieder mit anderen Athleten zu messen im fairen Kampf gegeneinander. Doch jetzt war es soweit, man hatte sich im Vorfeld darum gek\u00fcmmert als ausw\u00e4rtiger Verein an den Landesmeisterschaften von Nordrhein-Westfalen teilnehmen<\/p>\n","protected":false},"author":2,"featured_media":0,"comment_status":"open","ping_status":"open","sticky":false,"template":"","format":"standard","meta":{"footnotes":""},"categories":[8],"tags":[],"class_list":["post-5733","post","type-post","status-publish","format-standard","hentry","category-torgelow"],"_links":{"self":[{"href":"https:\/\/www.ringen-mv.de\/index.php?rest_route=\/wp\/v2\/posts\/5733","targetHints":{"allow":["GET"]}}],"collection":[{"href":"https:\/\/www.ringen-mv.de\/index.php?rest_route=\/wp\/v2\/posts"}],"about":[{"href":"https:\/\/www.ringen-mv.de\/index.php?rest_route=\/wp\/v2\/types\/post"}],"author":[{"embeddable":true,"href":"https:\/\/www.ringen-mv.de\/index.php?rest_route=\/wp\/v2\/users\/2"}],"replies":[{"embeddable":true,"href":"https:\/\/www.ringen-mv.de\/index.php?rest_route=%2Fwp%2Fv2%2Fcomments&post=5733"}],"version-history":[{"count":2,"href":"https:\/\/www.ringen-mv.de\/index.php?rest_route=\/wp\/v2\/posts\/5733\/revisions"}],"predecessor-version":[{"id":5736,"href":"https:\/\/www.ringen-mv.de\/index.php?rest_route=\/wp\/v2\/posts\/5733\/revisions\/5736"}],"wp:attachment":[{"href":"https:\/\/www.ringen-mv.de\/index.php?rest_route=%2Fwp%2Fv2%2Fmedia&parent=5733"}],"wp:term":[{"taxonomy":"category","embeddable":true,"href":"https:\/\/www.ringen-mv.de\/index.php?rest_route=%2Fwp%2Fv2%2Fcategories&post=5733"},{"taxonomy":"post_tag","embeddable":true,"href":"https:\/\/www.ringen-mv.de\/index.php?rest_route=%2Fwp%2Fv2%2Ftags&post=5733"}],"curies":[{"name":"wp","href":"https:\/\/api.w.org\/{rel}","templated":true}]}}