{"id":5888,"date":"2022-03-30T11:10:50","date_gmt":"2022-03-30T09:10:50","guid":{"rendered":"http:\/\/www.sav-torgelow-ringen.de\/RV%20MV2\/wordpress_341-de\/wordpress\/?p=5888"},"modified":"2022-03-30T11:10:50","modified_gmt":"2022-03-30T09:10:50","slug":"ringernachwuchs-in-schwerin-am-start","status":"publish","type":"post","link":"https:\/\/www.ringen-mv.de\/?p=5888","title":{"rendered":"Ringernachwuchs in Schwerin am Start"},"content":{"rendered":"<div id=\"attachment_5889\" style=\"width: 310px\" class=\"wp-caption alignleft\"><a href=\"http:\/\/www.ringen-mv.de\/wp-content\/uploads\/2022\/03\/20220326_164059.jpg\"><img loading=\"lazy\" decoding=\"async\" aria-describedby=\"caption-attachment-5889\" class=\"size-medium wp-image-5889\" src=\"http:\/\/www.ringen-mv.de\/wp-content\/uploads\/2022\/03\/20220326_164059-300x135.jpg\" alt=\"\" width=\"300\" height=\"135\" srcset=\"https:\/\/www.ringen-mv.de\/wp-content\/uploads\/2022\/03\/20220326_164059-300x135.jpg 300w, https:\/\/www.ringen-mv.de\/wp-content\/uploads\/2022\/03\/20220326_164059-768x346.jpg 768w, https:\/\/www.ringen-mv.de\/wp-content\/uploads\/2022\/03\/20220326_164059.jpg 806w\" sizes=\"auto, (max-width: 300px) 100vw, 300px\" \/><\/a><p id=\"caption-attachment-5889\" class=\"wp-caption-text\">Team Torgelow<\/p><\/div>\n<p>Nach langer, langer Zeit konnte auch der j\u00fcngste Ringernachwuchs endlich wieder bei einem Turnier aktiv werden und sich fair auf der Matte die Kr\u00e4fte messen.<br \/>\nDer PSV Schwerin hatte zu seinem 27. Peterm\u00e4nnchen Pokalturnier f\u00fcr die Nachwuchsk\u00e4mpfer zwischen 6 und 12 Jahren im freien Ringkampfstil eingeladen.<br \/>\nAm Ende k\u00e4mpften 218 Teilnehmer um die begehrten Medaillen und Urkunden.<\/p>\n<p><a href=\"https:\/\/www.liga-db.de\/Turniere\/VT\/2022\/DE\/220326_19061Schwerin\/indexGER.htm\">==&gt; hier alle Ergebnisse &lt;==<\/a><\/p>\n","protected":false},"excerpt":{"rendered":"<p>Nach langer, langer Zeit konnte auch der j\u00fcngste Ringernachwuchs endlich wieder bei einem Turnier aktiv werden und sich fair auf der Matte die Kr\u00e4fte messen. Der PSV Schwerin hatte zu seinem 27. Peterm\u00e4nnchen Pokalturnier f\u00fcr die Nachwuchsk\u00e4mpfer zwischen 6 und 12 Jahren im freien Ringkampfstil eingeladen. Am Ende<\/p>\n","protected":false},"author":2,"featured_media":0,"comment_status":"open","ping_status":"open","sticky":false,"template":"","format":"standard","meta":{"footnotes":""},"categories":[14],"tags":[],"class_list":["post-5888","post","type-post","status-publish","format-standard","hentry","category-schwerin"],"_links":{"self":[{"href":"https:\/\/www.ringen-mv.de\/index.php?rest_route=\/wp\/v2\/posts\/5888","targetHints":{"allow":["GET"]}}],"collection":[{"href":"https:\/\/www.ringen-mv.de\/index.php?rest_route=\/wp\/v2\/posts"}],"about":[{"href":"https:\/\/www.ringen-mv.de\/index.php?rest_route=\/wp\/v2\/types\/post"}],"author":[{"embeddable":true,"href":"https:\/\/www.ringen-mv.de\/index.php?rest_route=\/wp\/v2\/users\/2"}],"replies":[{"embeddable":true,"href":"https:\/\/www.ringen-mv.de\/index.php?rest_route=%2Fwp%2Fv2%2Fcomments&post=5888"}],"version-history":[{"count":1,"href":"https:\/\/www.ringen-mv.de\/index.php?rest_route=\/wp\/v2\/posts\/5888\/revisions"}],"predecessor-version":[{"id":5890,"href":"https:\/\/www.ringen-mv.de\/index.php?rest_route=\/wp\/v2\/posts\/5888\/revisions\/5890"}],"wp:attachment":[{"href":"https:\/\/www.ringen-mv.de\/index.php?rest_route=%2Fwp%2Fv2%2Fmedia&parent=5888"}],"wp:term":[{"taxonomy":"category","embeddable":true,"href":"https:\/\/www.ringen-mv.de\/index.php?rest_route=%2Fwp%2Fv2%2Fcategories&post=5888"},{"taxonomy":"post_tag","embeddable":true,"href":"https:\/\/www.ringen-mv.de\/index.php?rest_route=%2Fwp%2Fv2%2Ftags&post=5888"}],"curies":[{"name":"wp","href":"https:\/\/api.w.org\/{rel}","templated":true}]}}