{"id":5981,"date":"2022-06-28T14:22:00","date_gmt":"2022-06-28T12:22:00","guid":{"rendered":"http:\/\/www.sav-torgelow-ringen.de\/RV%20MV2\/wordpress_341-de\/wordpress\/?p=5981"},"modified":"2022-06-28T14:22:38","modified_gmt":"2022-06-28T12:22:38","slug":"stralsunder-ringer-bei-den-europameisterschaften-in-bukarest","status":"publish","type":"post","link":"https:\/\/www.ringen-mv.de\/?p=5981","title":{"rendered":"Stralsunder Ringer bei den Europameisterschaften in Bukarest"},"content":{"rendered":"<p><strong><a href=\"http:\/\/www.ringen-mv.de\/wp-content\/uploads\/2019\/04\/logo-stralsund.png\"><img loading=\"lazy\" decoding=\"async\" class=\"alignleft size-full wp-image-5234\" src=\"http:\/\/www.ringen-mv.de\/wp-content\/uploads\/2019\/04\/logo-stralsund.png\" alt=\"\" width=\"150\" height=\"150\" srcset=\"https:\/\/www.ringen-mv.de\/wp-content\/uploads\/2019\/04\/logo-stralsund.png 150w, https:\/\/www.ringen-mv.de\/wp-content\/uploads\/2019\/04\/logo-stralsund-75x75.png 75w\" sizes=\"auto, (max-width: 150px) 100vw, 150px\" \/><\/a>Platz 5 f\u00fcr Albert Lawrenz<\/strong><\/p>\n<p>Stralsund\/Bukarest: Gleich zwei Stralsunder Athleten hatten sich f\u00fcr die Deutsche Nationalmannschaft der U17 EM vom 13.06. \u2013 15.06. 2022 in Bukarest qualifiziert.<\/p>\n<p><!--more-->Anton Schneider -48 kg musste am Montagmittag gegen einen starken und zwei Jahre \u00e4lteren Tigran Galstyan aus Armenien antreten. Die erste Runde konnte Anton mit 0 : 2 noch offen gestalten, ehe der Armenier die zweite Runde mit 8 : 0 gewann und Anton den harten Kampf verlor. Da der Armenier im weiteren Verlauf des Turniers gegen einen noch st\u00e4rkeren Ungarn verlor, war f\u00fcr Anton das Turnier beendet.<\/p>\n<p>Albert Lawrenz \u2013 45 kg stieg am Dienstagmittag in das Turnier ein. Hier traf er in der ersten Runde auf Yeyhen Pokovka aus der Ukraine. Albert war von der Kulisse und der ganzen Lokation so sehr beeindruckt, dass er nicht richtig in den Kampf kam. Der Ukrainer besiegte Albert glatt mit 9:0 nach technischer \u00dcberlegenheit. Da der Athlet aus der Ukraine das Finale erreichte und schlie\u00dflich Europameister wurde, durfte Albert dann am n\u00e4chsten Tag auf Grund der Gewichtklassenkonstruktion um Platz Drei k\u00e4mpfen. Hier erwartete ihm Samvel Khachatryan aus Armenien. Albert erk\u00e4mpfte die ersten beiden Punkte, die allerdings durch die Challence (Videobeweis) wieder unerwartet aberkannt wurden. Danach erk\u00e4mpfte Albert wieder zwei Punkte, die ihm die erneute F\u00fchrung einbrachten. Am Ende musste er sich aber mit 13:2 Punkten geschlagen geben und erreichte so bei seiner ersten Europameisterschaft den 5.Platz.<\/p>\n<p>Albert sein Papa und Stralsunds Vereinsvorsitzender, die zur Unterst\u00fctzung mitgereist waren, konnten am Ende der der Europameisterschaften trotzdem ein positives Fazit \u00fcber die Qualifikation und das Auftreten der beiden Stralsunder K\u00e4mpfer ziehen und ein wenig stolz die Heimreise antreten.<\/p>\n<p><a href=\"http:\/\/www.ringen-mv.de\/wp-content\/uploads\/2022\/06\/Albert-EM-Collage.jpg\"><img loading=\"lazy\" decoding=\"async\" class=\"alignleft size-medium wp-image-5982\" src=\"http:\/\/www.ringen-mv.de\/wp-content\/uploads\/2022\/06\/Albert-EM-Collage-300x300.jpg\" alt=\"\" width=\"300\" height=\"300\" srcset=\"https:\/\/www.ringen-mv.de\/wp-content\/uploads\/2022\/06\/Albert-EM-Collage-300x300.jpg 300w, https:\/\/www.ringen-mv.de\/wp-content\/uploads\/2022\/06\/Albert-EM-Collage-150x150.jpg 150w, https:\/\/www.ringen-mv.de\/wp-content\/uploads\/2022\/06\/Albert-EM-Collage-75x75.jpg 75w, https:\/\/www.ringen-mv.de\/wp-content\/uploads\/2022\/06\/Albert-EM-Collage.jpg 702w\" sizes=\"auto, (max-width: 300px) 100vw, 300px\" \/><\/a><a href=\"http:\/\/www.ringen-mv.de\/wp-content\/uploads\/2022\/06\/Anton-EM-Collage.jpg\"><img loading=\"lazy\" decoding=\"async\" class=\"alignleft size-medium wp-image-5983\" src=\"http:\/\/www.ringen-mv.de\/wp-content\/uploads\/2022\/06\/Anton-EM-Collage-300x300.jpg\" alt=\"\" width=\"300\" height=\"300\" srcset=\"https:\/\/www.ringen-mv.de\/wp-content\/uploads\/2022\/06\/Anton-EM-Collage-300x300.jpg 300w, https:\/\/www.ringen-mv.de\/wp-content\/uploads\/2022\/06\/Anton-EM-Collage-150x150.jpg 150w, https:\/\/www.ringen-mv.de\/wp-content\/uploads\/2022\/06\/Anton-EM-Collage-75x75.jpg 75w, https:\/\/www.ringen-mv.de\/wp-content\/uploads\/2022\/06\/Anton-EM-Collage.jpg 768w\" sizes=\"auto, (max-width: 300px) 100vw, 300px\" \/><\/a><\/p>\n","protected":false},"excerpt":{"rendered":"<p>Platz 5 f\u00fcr Albert Lawrenz Stralsund\/Bukarest: Gleich zwei Stralsunder Athleten hatten sich f\u00fcr die Deutsche Nationalmannschaft der U17 EM vom 13.06. \u2013 15.06. 2022 in Bukarest qualifiziert.<\/p>\n","protected":false},"author":2,"featured_media":0,"comment_status":"open","ping_status":"open","sticky":false,"template":"","format":"standard","meta":{"footnotes":""},"categories":[16],"tags":[],"class_list":["post-5981","post","type-post","status-publish","format-standard","hentry","category-stralsund"],"_links":{"self":[{"href":"https:\/\/www.ringen-mv.de\/index.php?rest_route=\/wp\/v2\/posts\/5981","targetHints":{"allow":["GET"]}}],"collection":[{"href":"https:\/\/www.ringen-mv.de\/index.php?rest_route=\/wp\/v2\/posts"}],"about":[{"href":"https:\/\/www.ringen-mv.de\/index.php?rest_route=\/wp\/v2\/types\/post"}],"author":[{"embeddable":true,"href":"https:\/\/www.ringen-mv.de\/index.php?rest_route=\/wp\/v2\/users\/2"}],"replies":[{"embeddable":true,"href":"https:\/\/www.ringen-mv.de\/index.php?rest_route=%2Fwp%2Fv2%2Fcomments&post=5981"}],"version-history":[{"count":2,"href":"https:\/\/www.ringen-mv.de\/index.php?rest_route=\/wp\/v2\/posts\/5981\/revisions"}],"predecessor-version":[{"id":5985,"href":"https:\/\/www.ringen-mv.de\/index.php?rest_route=\/wp\/v2\/posts\/5981\/revisions\/5985"}],"wp:attachment":[{"href":"https:\/\/www.ringen-mv.de\/index.php?rest_route=%2Fwp%2Fv2%2Fmedia&parent=5981"}],"wp:term":[{"taxonomy":"category","embeddable":true,"href":"https:\/\/www.ringen-mv.de\/index.php?rest_route=%2Fwp%2Fv2%2Fcategories&post=5981"},{"taxonomy":"post_tag","embeddable":true,"href":"https:\/\/www.ringen-mv.de\/index.php?rest_route=%2Fwp%2Fv2%2Ftags&post=5981"}],"curies":[{"name":"wp","href":"https:\/\/api.w.org\/{rel}","templated":true}]}}