{"id":5997,"date":"2022-07-07T16:25:27","date_gmt":"2022-07-07T14:25:27","guid":{"rendered":"http:\/\/www.sav-torgelow-ringen.de\/RV%20MV2\/wordpress_341-de\/wordpress\/?p=5997"},"modified":"2022-07-07T16:26:07","modified_gmt":"2022-07-07T14:26:07","slug":"luisa-scheel-vizeeuropameisterin","status":"publish","type":"post","link":"https:\/\/www.ringen-mv.de\/?p=5997","title":{"rendered":"Luisa Scheel Vizeeuropameisterin"},"content":{"rendered":"<p><a href=\"http:\/\/www.ringen-mv.de\/wp-content\/uploads\/2022\/07\/Luisa-Scheel-2022-Vizeeuropameisterin-U20-Rom-.jpg\"><img loading=\"lazy\" decoding=\"async\" class=\"alignleft size-medium wp-image-5998\" src=\"http:\/\/www.ringen-mv.de\/wp-content\/uploads\/2022\/07\/Luisa-Scheel-2022-Vizeeuropameisterin-U20-Rom--300x200.jpg\" alt=\"\" width=\"300\" height=\"200\" srcset=\"https:\/\/www.ringen-mv.de\/wp-content\/uploads\/2022\/07\/Luisa-Scheel-2022-Vizeeuropameisterin-U20-Rom--300x200.jpg 300w, https:\/\/www.ringen-mv.de\/wp-content\/uploads\/2022\/07\/Luisa-Scheel-2022-Vizeeuropameisterin-U20-Rom--1024x683.jpg 1024w, https:\/\/www.ringen-mv.de\/wp-content\/uploads\/2022\/07\/Luisa-Scheel-2022-Vizeeuropameisterin-U20-Rom--768x512.jpg 768w, https:\/\/www.ringen-mv.de\/wp-content\/uploads\/2022\/07\/Luisa-Scheel-2022-Vizeeuropameisterin-U20-Rom--1536x1024.jpg 1536w, https:\/\/www.ringen-mv.de\/wp-content\/uploads\/2022\/07\/Luisa-Scheel-2022-Vizeeuropameisterin-U20-Rom--2048x1365.jpg 2048w\" sizes=\"auto, (max-width: 300px) 100vw, 300px\" \/><\/a>Ringerin Luisa Scheel vom SV Warnem\u00fcnde ist gestern Abend im Palla Pellicone in Lido di Ostia, einem Vorort von Rom, Junioren-Vize-Europameisterin geworden. Im Finale der Gewichtsklasse bis 62 Kilogramm unterlag sie Birgul Soltanova aus Aserbaidschan \u00e4u\u00dferst knapp mit 3:4. <!--more-->Ihre U23-EM-Bronzemedaille vom M\u00e4rz 2022 in Plowdiw hatte Luisa Scheel schon am Donnerstag veredelt, indem sie mit Punktsiegen \u00fcber Mima Stoyanova Taneva (Bulgarien\/7:1), Wiktoria Staneta aus Polen (7:4) und die Kroatin Iva Geris (5:0) das \u201eGold Medal Match\u201c erreichte. Sie tat dies unheimlich cool, in sich ruhend, unersch\u00fctterlich, mit ihrer ganzen K\u00f6rpersprache ausstrahlend: Mir kann hier doch gar nichts passieren. \u201eIch bin megahappy und sehr, sehr dankbar, dass iches ins Finale geschafft habe\u201c, hatte sie anschlie\u00dfend gesagt und hinzugef\u00fcgt: \u201eIch habe hart darauf hingearbeitet und bin froh, dass ich mich so belohnen konnte und sogar um den Titel ringen durfte. Luisa kann irre stolz auf sich sein, es war eine Wahnsinnsleistung, und die Medaille kann ihr keiner mehr nehmen. Sie wird uns noch ganz viel Freude bereiten.\u201c Mit zwei Siegen und zwei Niederlagen hat sich Rebekka March, ebenfalls SV Warnem\u00fcnde, auf den 5. Platz gek\u00e4mpft.<\/p>\n","protected":false},"excerpt":{"rendered":"<p>Ringerin Luisa Scheel vom SV Warnem\u00fcnde ist gestern Abend im Palla Pellicone in Lido di Ostia, einem Vorort von Rom, Junioren-Vize-Europameisterin geworden. Im Finale der Gewichtsklasse bis 62 Kilogramm unterlag sie Birgul Soltanova aus Aserbaidschan \u00e4u\u00dferst knapp mit 3:4.<\/p>\n","protected":false},"author":2,"featured_media":0,"comment_status":"open","ping_status":"open","sticky":false,"template":"","format":"standard","meta":{"footnotes":""},"categories":[17],"tags":[],"class_list":["post-5997","post","type-post","status-publish","format-standard","hentry","category-warnemunde"],"_links":{"self":[{"href":"https:\/\/www.ringen-mv.de\/index.php?rest_route=\/wp\/v2\/posts\/5997","targetHints":{"allow":["GET"]}}],"collection":[{"href":"https:\/\/www.ringen-mv.de\/index.php?rest_route=\/wp\/v2\/posts"}],"about":[{"href":"https:\/\/www.ringen-mv.de\/index.php?rest_route=\/wp\/v2\/types\/post"}],"author":[{"embeddable":true,"href":"https:\/\/www.ringen-mv.de\/index.php?rest_route=\/wp\/v2\/users\/2"}],"replies":[{"embeddable":true,"href":"https:\/\/www.ringen-mv.de\/index.php?rest_route=%2Fwp%2Fv2%2Fcomments&post=5997"}],"version-history":[{"count":2,"href":"https:\/\/www.ringen-mv.de\/index.php?rest_route=\/wp\/v2\/posts\/5997\/revisions"}],"predecessor-version":[{"id":6000,"href":"https:\/\/www.ringen-mv.de\/index.php?rest_route=\/wp\/v2\/posts\/5997\/revisions\/6000"}],"wp:attachment":[{"href":"https:\/\/www.ringen-mv.de\/index.php?rest_route=%2Fwp%2Fv2%2Fmedia&parent=5997"}],"wp:term":[{"taxonomy":"category","embeddable":true,"href":"https:\/\/www.ringen-mv.de\/index.php?rest_route=%2Fwp%2Fv2%2Fcategories&post=5997"},{"taxonomy":"post_tag","embeddable":true,"href":"https:\/\/www.ringen-mv.de\/index.php?rest_route=%2Fwp%2Fv2%2Ftags&post=5997"}],"curies":[{"name":"wp","href":"https:\/\/api.w.org\/{rel}","templated":true}]}}